{"id":9523,"date":"2024-09-25T11:51:05","date_gmt":"2024-09-25T14:51:05","guid":{"rendered":"https:\/\/info.fcf.usp.br\/?p=9523"},"modified":"2024-09-25T12:05:23","modified_gmt":"2024-09-25T15:05:23","slug":"eleicao-para-representacao-discente-de-graduacao","status":"publish","type":"post","link":"https:\/\/info.fcf.usp.br\/?p=9523","title":{"rendered":"ELEI\u00c7\u00c3O PARA A REPRESENTA\u00c7\u00c3O DISCENTE DE GRADUA\u00c7\u00c3O"},"content":{"rendered":"\t\t<div data-elementor-type=\"wp-post\" data-elementor-id=\"9523\" class=\"elementor elementor-9523\">\n\t\t\t\t<div class=\"elementor-element elementor-element-3eb7ab0 e-flex e-con-boxed e-con e-parent\" data-id=\"3eb7ab0\" data-element_type=\"container\" data-e-type=\"container\">\n\t\t\t\t\t<div class=\"e-con-inner\">\n\t\t\t\t<div class=\"elementor-element elementor-element-8ffd4bb elementor-widget elementor-widget-text-editor\" data-id=\"8ffd4bb\" data-element_type=\"widget\" data-e-type=\"widget\" data-widget_type=\"text-editor.default\">\n\t\t\t\t<div class=\"elementor-widget-container\">\n\t\t\t\t\t\t\t\t\t<p class=\"MsoNormal\" style=\"margin-bottom: 7.5pt; line-height: normal; background-image: initial; background-position: initial; background-size: initial; background-repeat: initial; background-attachment: initial; background-origin: initial; background-clip: initial;\"><span style=\"font-size: 13.5pt; font-family: Arial, sans-serif;\"><font color=\"#222222\">Informamos que est\u00e3o abertas as inscri\u00e7\u00f5es para a elei\u00e7\u00e3o dos representantes discentes de Gradua\u00e7\u00e3o, conforme segue:<br><\/font><\/span><span style=\"font-weight: var( --e-global-typography-text-font-weight ); text-align: var(--text-align); font-size: 13.5pt; font-family: Arial, sans-serif;\"><font color=\"#222222\"><br><\/font><font color=\"#000000\">1)<\/font><\/span><span style=\"font-weight: var( --e-global-typography-text-font-weight ); text-align: var(--text-align); font-size: 13.5pt; font-family: Arial, sans-serif;\">Congrega\u00e7\u00e3o:<\/span><span style=\"font-size: 13.5pt; font-family: 'Arial',sans-serif; mso-fareast-font-family: 'Times New Roman'; color: #222222; mso-fareast-language: PT-BR;\"><br><\/span><\/p><p class=\"MsoNormal\" style=\"margin-bottom: 7.5pt; line-height: normal; background-image: initial; background-position: initial; background-size: initial; background-repeat: initial; background-attachment: initial; background-origin: initial; background-clip: initial;\"><span style=\"font-size: 13.5pt; font-family: Arial, sans-serif;\"><font color=\"#000000\">&#8211; 01 representante discente da Gradua\u00e7\u00e3o e respectivo suplente<br><\/font><\/span><span style=\"font-family: Arial, sans-serif; font-size: 13.5pt; font-weight: var( --e-global-typography-text-font-weight ); text-align: var(--text-align);\"><font color=\"#000000\"><br><\/font>2)&nbsp;Comiss\u00e3o de Rela\u00e7\u00f5es Internacionais:<\/span><span style=\"font-size: 13.5pt; font-family: 'Arial',sans-serif; mso-fareast-font-family: 'Times New Roman'; color: black; mso-fareast-language: PT-BR;\"><br><\/span><\/p><p class=\"MsoNormal\" style=\"margin-bottom: 7.5pt; line-height: normal; background-image: initial; background-position: initial; background-size: initial; background-repeat: initial; background-attachment: initial; background-origin: initial; background-clip: initial;\"><span style=\"font-size: 13.5pt; font-family: Arial, sans-serif;\"><font color=\"#000000\">&#8211; 01 representante discente da Gradua\u00e7\u00e3o e respectivo suplente<br><\/font><\/span><span style=\"font-family: Arial, sans-serif; font-size: 13.5pt; font-weight: var( --e-global-typography-text-font-weight ); text-align: var(--text-align);\"><font color=\"#000000\"><br><\/font>3)&nbsp;Conselho do Departamento de An\u00e1lises e Cl\u00ednicas Toxicol\u00f3gicas:<\/span><span style=\"font-size: 13.5pt; font-family: 'Arial',sans-serif; mso-fareast-font-family: 'Times New Roman'; color: black; mso-fareast-language: PT-BR;\"><br><\/span><\/p><p class=\"MsoNormal\" style=\"margin-bottom: 7.5pt; line-height: normal; background-image: initial; background-position: initial; background-size: initial; background-repeat: initial; background-attachment: initial; background-origin: initial; background-clip: initial;\"><span style=\"font-size: 13.5pt; font-family: Arial, sans-serif;\">&#8211; 02 representantes discentes da Gradua\u00e7\u00e3o e respectivos suplentes.<br><\/span><span style=\"font-family: Arial, sans-serif; font-size: 13.5pt; font-weight: var( --e-global-typography-text-font-weight ); text-align: var(--text-align);\"><br>4)&nbsp;Conselho do Departamento de Tecnologia Bioqu\u00edmico-Farmac\u00eautica:<\/span><span style=\"font-size: 13.5pt; font-family: Arial, sans-serif;\"><br><\/span><\/p><p class=\"MsoNormal\" style=\"margin-bottom: 7.5pt; line-height: normal; background-image: initial; background-position: initial; background-size: initial; background-repeat: initial; background-attachment: initial; background-origin: initial; background-clip: initial;\"><span style=\"font-size: 13.5pt; font-family: Arial, sans-serif;\">&#8211; 01 representante discente da Gradua\u00e7\u00e3o e respectivo suplente.<br><\/span><span style=\"font-family: Arial, sans-serif; font-size: 13.5pt; font-weight: var( --e-global-typography-text-font-weight ); text-align: var(--text-align);\"><br>5)&nbsp;Comiss\u00e3o de Coordena\u00e7\u00e3o de Curso:<\/span><span style=\"font-size: 13.5pt; font-family: Arial, sans-serif;\"><br><\/span><\/p><p class=\"MsoNormal\" style=\"margin-bottom: 7.5pt; line-height: normal; background-image: initial; background-position: initial; background-size: initial; background-repeat: initial; background-attachment: initial; background-origin: initial; background-clip: initial;\"><span style=\"font-size: 13.5pt; font-family: Arial, sans-serif;\">&#8211; 01 representante discente da Gradua\u00e7\u00e3o e respectivo suplente.<br><\/span><span style=\"font-family: Arial, sans-serif; font-size: 13.5pt; font-weight: var( --e-global-typography-text-font-weight ); text-align: var(--text-align);\"><br>6)&nbsp;Comiss\u00e3o de Est\u00e1gios:<\/span><span style=\"font-size: 13.5pt; font-family: Arial, sans-serif;\"><br><\/span><\/p><p class=\"MsoNormal\" style=\"margin-bottom: 7.5pt; line-height: normal; background-image: initial; background-position: initial; background-size: initial; background-repeat: initial; background-attachment: initial; background-origin: initial; background-clip: initial;\"><span style=\"font-size: 13.5pt; font-family: Arial, sans-serif;\">&#8211; 01 representante discente da Gradua\u00e7\u00e3o e respectivo suplente.<br><\/span><span style=\"font-family: Arial, sans-serif; font-size: 13.5pt; font-weight: var( --e-global-typography-text-font-weight ); text-align: var(--text-align);\"><br>7)&nbsp;N\u00facleo de Direitos Humanos:<\/span><\/p><p class=\"MsoNormal\" style=\"margin-bottom: 7.5pt; line-height: normal; background-image: initial; background-position: initial; background-size: initial; background-repeat: initial; background-attachment: initial; background-origin: initial; background-clip: initial;\"><span style=\"font-size: 13.5pt; font-family: Arial, sans-serif;\">&#8211; 02 representantes discentes da Gradua\u00e7\u00e3o.<br><\/span><span style=\"font-family: Arial, sans-serif; font-size: 13.5pt; font-weight: var( --e-global-typography-text-font-weight ); text-align: var(--text-align);\"><font color=\"#222222\">&nbsp;<br><\/font><\/span><span style=\"font-weight: var( --e-global-typography-text-font-weight ); text-align: var(--text-align); font-size: 13.5pt; font-family: Arial, sans-serif;\">INSCRI\u00c7\u00c3O<\/span><span style=\"font-weight: var( --e-global-typography-text-font-weight ); text-align: var(--text-align); font-size: 13.5pt; font-family: Arial, sans-serif; color: rgb(34, 34, 34);\">: deve ser formulada por meio de requerimento (modelo anexo), a ser encaminhado por e-mail<\/span><span style=\"font-weight: var( --e-global-typography-text-font-weight ); text-align: var(--text-align); font-size: 13.5pt; font-family: Arial, sans-serif; color: black;\">&nbsp;<u>at\u00e9 \u00e0s 18h do dia 24 de outubro de 2024.<br><\/u><\/span><span style=\"font-weight: var( --e-global-typography-text-font-weight ); text-align: var(--text-align); font-size: 13.5pt; font-family: Arial, sans-serif; color: black;\"><br>ELEI\u00c7\u00c3O<\/span><span style=\"font-weight: var( --e-global-typography-text-font-weight ); text-align: var(--text-align); font-size: 13.5pt; font-family: Arial, sans-serif; color: rgb(34, 34, 34);\">:&nbsp;&nbsp;<\/span><span style=\"font-weight: var( --e-global-typography-text-font-weight ); text-align: var(--text-align); font-size: 13.5pt; font-family: Arial, sans-serif; color: black;\">dia 30&nbsp;de outubro de 2024, das 08h \u00e0s 18h,&nbsp;<\/span><span style=\"font-weight: var( --e-global-typography-text-font-weight ); text-align: var(--text-align); font-size: 13.5pt; font-family: Arial, sans-serif; color: rgb(34, 34, 34);\">por meio do<\/span><span style=\"font-weight: var( --e-global-typography-text-font-weight ); text-align: var(--text-align); font-size: 13.5pt; font-family: Arial, sans-serif; color: black;\">&nbsp;<\/span><span style=\"font-weight: var( --e-global-typography-text-font-weight ); text-align: var(--text-align); font-size: 13.5pt; font-family: Arial, sans-serif; color: rgb(34, 34, 34);\">Sistema&nbsp;<\/span><i style=\"font-family: var( --e-global-typography-text-font-family ), Sans-serif; font-weight: var( --e-global-typography-text-font-weight ); text-align: var(--text-align);\"><span style=\"font-size: 13.5pt; font-family: 'Arial',sans-serif; mso-fareast-font-family: 'Times New Roman'; color: black; mso-fareast-language: PT-BR;\">Helios Voting<\/span><\/i><span style=\"font-weight: var( --e-global-typography-text-font-weight ); text-align: var(--text-align); font-size: 13.5pt; font-family: Arial, sans-serif; color: rgb(34, 34, 34);\">.<br><\/span><span style=\"color: rgb(34, 34, 34); font-family: Arial, sans-serif; font-size: 13.5pt; font-weight: var( --e-global-typography-text-font-weight ); text-align: var(--text-align);\"><br>Mais informa\u00e7\u00f5es na Portaria anexa.<\/span><\/p>\t\t\t\t\t\t\t\t<\/div>\n\t\t\t\t<\/div>\n\t\t\t\t<div class=\"elementor-element elementor-element-f99b331 elementor-widget elementor-widget-button\" data-id=\"f99b331\" data-element_type=\"widget\" data-e-type=\"widget\" data-widget_type=\"button.default\">\n\t\t\t\t<div class=\"elementor-widget-container\">\n\t\t\t\t\t\t\t\t\t<div class=\"elementor-button-wrapper\">\n\t\t\t\t\t<a class=\"elementor-button elementor-button-link elementor-size-sm\" href=\"https:\/\/drive.google.com\/file\/d\/1TjJqA1e-eNdZ8K0yA0_dsBy4CtN90Pn6\/view?usp=sharing\" target=\"_blank\">\n\t\t\t\t\t\t<span class=\"elementor-button-content-wrapper\">\n\t\t\t\t\t\t\t\t\t<span class=\"elementor-button-text\">PORTARIA<\/span>\n\t\t\t\t\t<\/span>\n\t\t\t\t\t<\/a>\n\t\t\t\t<\/div>\n\t\t\t\t\t\t\t\t<\/div>\n\t\t\t\t<\/div>\n\t\t\t\t<div class=\"elementor-element elementor-element-38a5ea0 elementor-widget elementor-widget-button\" data-id=\"38a5ea0\" data-element_type=\"widget\" data-e-type=\"widget\" data-widget_type=\"button.default\">\n\t\t\t\t<div class=\"elementor-widget-container\">\n\t\t\t\t\t\t\t\t\t<div class=\"elementor-button-wrapper\">\n\t\t\t\t\t<a class=\"elementor-button elementor-button-link elementor-size-sm\" href=\"https:\/\/docs.google.com\/document\/d\/1eersZ1JV7lEBc0BTPMdiE-tn0r_Xmddl\/edit?usp=sharing&#038;ouid=113757507042447426692&#038;rtpof=true&#038;sd=true\" target=\"_blank\">\n\t\t\t\t\t\t<span class=\"elementor-button-content-wrapper\">\n\t\t\t\t\t\t\t\t\t<span class=\"elementor-button-text\">REQUERIMENTO CHAPA<\/span>\n\t\t\t\t\t<\/span>\n\t\t\t\t\t<\/a>\n\t\t\t\t<\/div>\n\t\t\t\t\t\t\t\t<\/div>\n\t\t\t\t<\/div>\n\t\t\t\t<div class=\"elementor-element elementor-element-4f08f49 elementor-widget elementor-widget-button\" data-id=\"4f08f49\" data-element_type=\"widget\" data-e-type=\"widget\" data-widget_type=\"button.default\">\n\t\t\t\t<div class=\"elementor-widget-container\">\n\t\t\t\t\t\t\t\t\t<div class=\"elementor-button-wrapper\">\n\t\t\t\t\t<a class=\"elementor-button elementor-button-link elementor-size-sm\" href=\"https:\/\/docs.google.com\/document\/d\/1wcMf-laGakeDyM0_kiy1_V440a4-eHU7\/edit?usp=sharing&#038;ouid=113757507042447426692&#038;rtpof=true&#038;sd=true\" target=\"_blank\">\n\t\t\t\t\t\t<span class=\"elementor-button-content-wrapper\">\n\t\t\t\t\t\t\t\t\t<span class=\"elementor-button-text\">REQUERIMENTO INDIVIDUAL<\/span>\n\t\t\t\t\t<\/span>\n\t\t\t\t\t<\/a>\n\t\t\t\t<\/div>\n\t\t\t\t\t\t\t\t<\/div>\n\t\t\t\t<\/div>\n\t\t\t\t\t<\/div>\n\t\t\t\t<\/div>\n\t\t<div class=\"elementor-element elementor-element-aa7f243 e-flex e-con-boxed e-con e-parent\" data-id=\"aa7f243\" data-element_type=\"container\" data-e-type=\"container\">\n\t\t\t\t\t<div class=\"e-con-inner\">\n\t\t\t\t\t<\/div>\n\t\t\t\t<\/div>\n\t\t\t\t<\/div>\n\t\t","protected":false},"excerpt":{"rendered":"<p>Informamos que est\u00e3o abertas as inscri\u00e7\u00f5es para a elei\u00e7\u00e3o dos representantes discentes de Gradua\u00e7\u00e3o, conforme&#8230;<\/p>\n","protected":false},"author":18,"featured_media":9526,"comment_status":"closed","ping_status":"open","sticky":false,"template":"","format":"standard","meta":{"om_disable_all_campaigns":false,"_monsterinsights_skip_tracking":false,"_uf_show_specific_survey":0,"_uf_disable_surveys":false,"footnotes":""},"categories":[7,56,8,26,24,131,19],"tags":[],"class_list":["post-9523","post","type-post","status-publish","format-standard","has-post-thumbnail","hentry","category-rotativo","category-editais","category-eleicoes","category-graduacao","category-institucional","category-noticia-carrossel","category-noticias"],"aioseo_notices":[],"aioseo_head":"\n\t\t<!-- All in One SEO 5.0.1.1 - aioseo.com -->\n\t<meta name=\"description\" content=\"Informamos que est\u00e3o abertas as inscri\u00e7\u00f5es para a elei\u00e7\u00e3o dos representantes discentes de Gradua\u00e7\u00e3o, conforme segue:1)Congrega\u00e7\u00e3o:\u2013 01 representante discente da Gradua\u00e7\u00e3o e respectivo suplente2) Comiss\u00e3o de Rela\u00e7\u00f5es Internacionais:\u2013 01 representante discente da Gradua\u00e7\u00e3o e respectivo suplente3) Conselho do Departamento de An\u00e1lises e Cl\u00ednicas Toxicol\u00f3gicas:\u2013 02 representantes discentes da Gradua\u00e7\u00e3o e respectivos suplentes.4) Conselho do Departamento de Tecnologia Bioqu\u00edmico-Farmac\u00eautica:\u2013\" \/>\n\t<meta name=\"robots\" content=\"max-image-preview:large\" \/>\n\t<meta name=\"author\" content=\"Ryan Jesus\"\/>\n\t<link rel=\"canonical\" href=\"https:\/\/info.fcf.usp.br\/?p=9523\" \/>\n\t<meta name=\"generator\" content=\"All in One SEO (AIOSEO) 5.0.1.1\" \/>\n\t\t<meta property=\"og:locale\" content=\"pt_BR\" \/>\n\t\t<meta property=\"og:site_name\" content=\"FACULDADE DE CI\u00caNCIAS FARMAC\u00caUTICAS - USP - FACULDADE DE CI\u00caNCIAS FARMAC\u00caUTICAS - USP, Gradua\u00e7\u00e3o, p\u00f3s Gradua\u00e7\u00e3o, FCF\" \/>\n\t\t<meta property=\"og:type\" content=\"article\" \/>\n\t\t<meta property=\"og:title\" content=\"ELEI\u00c7\u00c3O PARA A REPRESENTA\u00c7\u00c3O DISCENTE DE GRADUA\u00c7\u00c3O - FACULDADE DE CI\u00caNCIAS FARMAC\u00caUTICAS - USP\" \/>\n\t\t<meta property=\"og:description\" content=\"Informamos que est\u00e3o abertas as inscri\u00e7\u00f5es para a elei\u00e7\u00e3o dos representantes discentes de Gradua\u00e7\u00e3o, conforme segue:1)Congrega\u00e7\u00e3o:\u2013 01 representante discente da Gradua\u00e7\u00e3o e respectivo suplente2) Comiss\u00e3o de Rela\u00e7\u00f5es Internacionais:\u2013 01 representante discente da Gradua\u00e7\u00e3o e respectivo suplente3) Conselho do Departamento de An\u00e1lises e Cl\u00ednicas Toxicol\u00f3gicas:\u2013 02 representantes discentes da Gradua\u00e7\u00e3o e respectivos suplentes.4) Conselho do Departamento de Tecnologia Bioqu\u00edmico-Farmac\u00eautica:\u2013\" \/>\n\t\t<meta property=\"og:url\" content=\"https:\/\/info.fcf.usp.br\/?p=9523\" \/>\n\t\t<meta property=\"article:published_time\" content=\"2024-09-25T14:51:05+00:00\" \/>\n\t\t<meta property=\"article:modified_time\" content=\"2024-09-25T15:05:23+00:00\" \/>\n\t\t<meta name=\"twitter:card\" content=\"summary_large_image\" \/>\n\t\t<meta name=\"twitter:title\" content=\"ELEI\u00c7\u00c3O PARA A REPRESENTA\u00c7\u00c3O DISCENTE DE GRADUA\u00c7\u00c3O - FACULDADE DE CI\u00caNCIAS FARMAC\u00caUTICAS - USP\" \/>\n\t\t<meta name=\"twitter:description\" content=\"Informamos que est\u00e3o abertas as inscri\u00e7\u00f5es para a elei\u00e7\u00e3o dos representantes discentes de Gradua\u00e7\u00e3o, conforme segue:1)Congrega\u00e7\u00e3o:\u2013 01 representante discente da Gradua\u00e7\u00e3o e respectivo suplente2) Comiss\u00e3o de Rela\u00e7\u00f5es Internacionais:\u2013 01 representante discente da Gradua\u00e7\u00e3o e respectivo suplente3) Conselho do Departamento de An\u00e1lises e Cl\u00ednicas Toxicol\u00f3gicas:\u2013 02 representantes discentes da Gradua\u00e7\u00e3o e respectivos suplentes.4) Conselho do Departamento de Tecnologia Bioqu\u00edmico-Farmac\u00eautica:\u2013\" \/>\n\t\t<script type=\"application\/ld+json\" class=\"aioseo-schema\">\n\t\t\t{\"@context\":\"https:\\\/\\\/schema.org\",\"@graph\":[{\"@type\":\"BlogPosting\",\"@id\":\"https:\\\/\\\/info.fcf.usp.br\\\/?p=9523#blogposting\",\"name\":\"ELEI\\u00c7\\u00c3O PARA A REPRESENTA\\u00c7\\u00c3O DISCENTE DE GRADUA\\u00c7\\u00c3O - FACULDADE DE CI\\u00caNCIAS FARMAC\\u00caUTICAS - USP\",\"headline\":\"ELEI\\u00c7\\u00c3O PARA A REPRESENTA\\u00c7\\u00c3O DISCENTE DE GRADUA\\u00c7\\u00c3O\",\"author\":{\"@id\":\"https:\\\/\\\/info.fcf.usp.br\\\/?author=18#author\"},\"publisher\":{\"@id\":\"https:\\\/\\\/info.fcf.usp.br\\\/#organization\"},\"image\":{\"@type\":\"ImageObject\",\"url\":\"https:\\\/\\\/info.fcf.usp.br\\\/wp-content\\\/uploads\\\/2024\\\/09\\\/Destaques-site-13.png\",\"width\":1603,\"height\":591},\"datePublished\":\"2024-09-25T11:51:05-03:00\",\"dateModified\":\"2024-09-25T12:05:23-03:00\",\"inLanguage\":\"pt-BR\",\"mainEntityOfPage\":{\"@id\":\"https:\\\/\\\/info.fcf.usp.br\\\/?p=9523#webpage\"},\"isPartOf\":{\"@id\":\"https:\\\/\\\/info.fcf.usp.br\\\/?p=9523#webpage\"},\"articleSection\":\"Destaques, Editais, Elei\\u00e7\\u00f5es, Gradua\\u00e7\\u00e3o, Institucional, Noticia Carrossel, Not\\u00edcias\"},{\"@type\":\"BreadcrumbList\",\"@id\":\"https:\\\/\\\/info.fcf.usp.br\\\/?p=9523#breadcrumblist\",\"itemListElement\":[{\"@type\":\"ListItem\",\"@id\":\"https:\\\/\\\/info.fcf.usp.br#listItem\",\"position\":1,\"name\":\"Home\",\"item\":\"https:\\\/\\\/info.fcf.usp.br\",\"nextItem\":{\"@type\":\"ListItem\",\"@id\":\"https:\\\/\\\/info.fcf.usp.br\\\/?cat=7#listItem\",\"name\":\"Destaques\"}},{\"@type\":\"ListItem\",\"@id\":\"https:\\\/\\\/info.fcf.usp.br\\\/?cat=7#listItem\",\"position\":2,\"name\":\"Destaques\",\"item\":\"https:\\\/\\\/info.fcf.usp.br\\\/?cat=7\",\"nextItem\":{\"@type\":\"ListItem\",\"@id\":\"https:\\\/\\\/info.fcf.usp.br\\\/?p=9523#listItem\",\"name\":\"ELEI\\u00c7\\u00c3O PARA A REPRESENTA\\u00c7\\u00c3O DISCENTE DE GRADUA\\u00c7\\u00c3O\"},\"previousItem\":{\"@type\":\"ListItem\",\"@id\":\"https:\\\/\\\/info.fcf.usp.br#listItem\",\"name\":\"Home\"}},{\"@type\":\"ListItem\",\"@id\":\"https:\\\/\\\/info.fcf.usp.br\\\/?p=9523#listItem\",\"position\":3,\"name\":\"ELEI\\u00c7\\u00c3O PARA A REPRESENTA\\u00c7\\u00c3O DISCENTE DE GRADUA\\u00c7\\u00c3O\",\"previousItem\":{\"@type\":\"ListItem\",\"@id\":\"https:\\\/\\\/info.fcf.usp.br\\\/?cat=7#listItem\",\"name\":\"Destaques\"}}]},{\"@type\":\"Organization\",\"@id\":\"https:\\\/\\\/info.fcf.usp.br\\\/#organization\",\"name\":\"FACULDADE DE CI\\u00caNCIAS FARMAC\\u00caUTICAS - USP\",\"description\":\"FACULDADE DE CI\\u00caNCIAS FARMAC\\u00caUTICAS - USP, Gradua\\u00e7\\u00e3o, p\\u00f3s Gradua\\u00e7\\u00e3o, FCF\",\"url\":\"https:\\\/\\\/info.fcf.usp.br\\\/\"},{\"@type\":\"Person\",\"@id\":\"https:\\\/\\\/info.fcf.usp.br\\\/?author=18#author\",\"url\":\"https:\\\/\\\/info.fcf.usp.br\\\/?author=18\",\"name\":\"Ryan Jesus\",\"image\":{\"@type\":\"ImageObject\",\"@id\":\"https:\\\/\\\/info.fcf.usp.br\\\/?p=9523#authorImage\",\"url\":\"https:\\\/\\\/secure.gravatar.com\\\/avatar\\\/168db859aa9131b3504ca969824ab65e80ec2dedfdc760301c12ee92efbebfc3?s=96&d=mm&r=g\",\"width\":96,\"height\":96,\"caption\":\"Ryan Jesus\"}},{\"@type\":\"WebPage\",\"@id\":\"https:\\\/\\\/info.fcf.usp.br\\\/?p=9523#webpage\",\"url\":\"https:\\\/\\\/info.fcf.usp.br\\\/?p=9523\",\"name\":\"ELEI\\u00c7\\u00c3O PARA A REPRESENTA\\u00c7\\u00c3O DISCENTE DE GRADUA\\u00c7\\u00c3O - FACULDADE DE CI\\u00caNCIAS FARMAC\\u00caUTICAS - USP\",\"description\":\"Informamos que est\\u00e3o abertas as inscri\\u00e7\\u00f5es para a elei\\u00e7\\u00e3o dos representantes discentes de Gradua\\u00e7\\u00e3o, conforme segue:1)Congrega\\u00e7\\u00e3o:\\u2013 01 representante discente da Gradua\\u00e7\\u00e3o e respectivo suplente2) Comiss\\u00e3o de Rela\\u00e7\\u00f5es Internacionais:\\u2013 01 representante discente da Gradua\\u00e7\\u00e3o e respectivo suplente3) Conselho do Departamento de An\\u00e1lises e Cl\\u00ednicas Toxicol\\u00f3gicas:\\u2013 02 representantes discentes da Gradua\\u00e7\\u00e3o e respectivos suplentes.4) Conselho do Departamento de Tecnologia Bioqu\\u00edmico-Farmac\\u00eautica:\\u2013\",\"inLanguage\":\"pt-BR\",\"isPartOf\":{\"@id\":\"https:\\\/\\\/info.fcf.usp.br\\\/#website\"},\"breadcrumb\":{\"@id\":\"https:\\\/\\\/info.fcf.usp.br\\\/?p=9523#breadcrumblist\"},\"author\":{\"@id\":\"https:\\\/\\\/info.fcf.usp.br\\\/?author=18#author\"},\"creator\":{\"@id\":\"https:\\\/\\\/info.fcf.usp.br\\\/?author=18#author\"},\"image\":{\"@type\":\"ImageObject\",\"url\":\"https:\\\/\\\/info.fcf.usp.br\\\/wp-content\\\/uploads\\\/2024\\\/09\\\/Destaques-site-13.png\",\"@id\":\"https:\\\/\\\/info.fcf.usp.br\\\/?p=9523\\\/#mainImage\",\"width\":1603,\"height\":591},\"primaryImageOfPage\":{\"@id\":\"https:\\\/\\\/info.fcf.usp.br\\\/?p=9523#mainImage\"},\"datePublished\":\"2024-09-25T11:51:05-03:00\",\"dateModified\":\"2024-09-25T12:05:23-03:00\"},{\"@type\":\"WebSite\",\"@id\":\"https:\\\/\\\/info.fcf.usp.br\\\/#website\",\"url\":\"https:\\\/\\\/info.fcf.usp.br\\\/\",\"name\":\"FACULDADE DE CI\\u00caNCIAS FARMAC\\u00caUTICAS - USP\",\"description\":\"FACULDADE DE CI\\u00caNCIAS FARMAC\\u00caUTICAS - USP, Gradua\\u00e7\\u00e3o, p\\u00f3s Gradua\\u00e7\\u00e3o, FCF\",\"inLanguage\":\"pt-BR\",\"publisher\":{\"@id\":\"https:\\\/\\\/info.fcf.usp.br\\\/#organization\"}}]}\n\t\t<\/script>\n\t\t<!-- All in One SEO -->\n\n","aioseo_head_json":{"title":"ELEI\u00c7\u00c3O PARA A REPRESENTA\u00c7\u00c3O DISCENTE DE GRADUA\u00c7\u00c3O - FACULDADE DE CI\u00caNCIAS FARMAC\u00caUTICAS - USP","description":"Informamos que est\u00e3o abertas as inscri\u00e7\u00f5es para a elei\u00e7\u00e3o dos representantes discentes de Gradua\u00e7\u00e3o, conforme segue:1)Congrega\u00e7\u00e3o:\u2013 01 representante discente da Gradua\u00e7\u00e3o e respectivo suplente2) Comiss\u00e3o de Rela\u00e7\u00f5es Internacionais:\u2013 01 representante discente da Gradua\u00e7\u00e3o e respectivo suplente3) Conselho do Departamento de An\u00e1lises e Cl\u00ednicas Toxicol\u00f3gicas:\u2013 02 representantes discentes da Gradua\u00e7\u00e3o e respectivos suplentes.4) Conselho do Departamento de Tecnologia Bioqu\u00edmico-Farmac\u00eautica:\u2013","canonical_url":"https:\/\/info.fcf.usp.br\/?p=9523","robots":"max-image-preview:large","keywords":"","webmasterTools":{"miscellaneous":""},"schema":{"@context":"https:\/\/schema.org","@graph":[{"@type":"BlogPosting","@id":"https:\/\/info.fcf.usp.br\/?p=9523#blogposting","name":"ELEI\u00c7\u00c3O PARA A REPRESENTA\u00c7\u00c3O DISCENTE DE GRADUA\u00c7\u00c3O - FACULDADE DE CI\u00caNCIAS FARMAC\u00caUTICAS - USP","headline":"ELEI\u00c7\u00c3O PARA A REPRESENTA\u00c7\u00c3O DISCENTE DE GRADUA\u00c7\u00c3O","author":{"@id":"https:\/\/info.fcf.usp.br\/?author=18#author"},"publisher":{"@id":"https:\/\/info.fcf.usp.br\/#organization"},"image":{"@type":"ImageObject","url":"https:\/\/info.fcf.usp.br\/wp-content\/uploads\/2024\/09\/Destaques-site-13.png","width":1603,"height":591},"datePublished":"2024-09-25T11:51:05-03:00","dateModified":"2024-09-25T12:05:23-03:00","inLanguage":"pt-BR","mainEntityOfPage":{"@id":"https:\/\/info.fcf.usp.br\/?p=9523#webpage"},"isPartOf":{"@id":"https:\/\/info.fcf.usp.br\/?p=9523#webpage"},"articleSection":"Destaques, Editais, Elei\u00e7\u00f5es, Gradua\u00e7\u00e3o, Institucional, Noticia Carrossel, Not\u00edcias"},{"@type":"BreadcrumbList","@id":"https:\/\/info.fcf.usp.br\/?p=9523#breadcrumblist","itemListElement":[{"@type":"ListItem","@id":"https:\/\/info.fcf.usp.br#listItem","position":1,"name":"Home","item":"https:\/\/info.fcf.usp.br","nextItem":{"@type":"ListItem","@id":"https:\/\/info.fcf.usp.br\/?cat=7#listItem","name":"Destaques"}},{"@type":"ListItem","@id":"https:\/\/info.fcf.usp.br\/?cat=7#listItem","position":2,"name":"Destaques","item":"https:\/\/info.fcf.usp.br\/?cat=7","nextItem":{"@type":"ListItem","@id":"https:\/\/info.fcf.usp.br\/?p=9523#listItem","name":"ELEI\u00c7\u00c3O PARA A REPRESENTA\u00c7\u00c3O DISCENTE DE GRADUA\u00c7\u00c3O"},"previousItem":{"@type":"ListItem","@id":"https:\/\/info.fcf.usp.br#listItem","name":"Home"}},{"@type":"ListItem","@id":"https:\/\/info.fcf.usp.br\/?p=9523#listItem","position":3,"name":"ELEI\u00c7\u00c3O PARA A REPRESENTA\u00c7\u00c3O DISCENTE DE GRADUA\u00c7\u00c3O","previousItem":{"@type":"ListItem","@id":"https:\/\/info.fcf.usp.br\/?cat=7#listItem","name":"Destaques"}}]},{"@type":"Organization","@id":"https:\/\/info.fcf.usp.br\/#organization","name":"FACULDADE DE CI\u00caNCIAS FARMAC\u00caUTICAS - USP","description":"FACULDADE DE CI\u00caNCIAS FARMAC\u00caUTICAS - USP, Gradua\u00e7\u00e3o, p\u00f3s Gradua\u00e7\u00e3o, FCF","url":"https:\/\/info.fcf.usp.br\/"},{"@type":"Person","@id":"https:\/\/info.fcf.usp.br\/?author=18#author","url":"https:\/\/info.fcf.usp.br\/?author=18","name":"Ryan Jesus","image":{"@type":"ImageObject","@id":"https:\/\/info.fcf.usp.br\/?p=9523#authorImage","url":"https:\/\/secure.gravatar.com\/avatar\/168db859aa9131b3504ca969824ab65e80ec2dedfdc760301c12ee92efbebfc3?s=96&d=mm&r=g","width":96,"height":96,"caption":"Ryan Jesus"}},{"@type":"WebPage","@id":"https:\/\/info.fcf.usp.br\/?p=9523#webpage","url":"https:\/\/info.fcf.usp.br\/?p=9523","name":"ELEI\u00c7\u00c3O PARA A REPRESENTA\u00c7\u00c3O DISCENTE DE GRADUA\u00c7\u00c3O - FACULDADE DE CI\u00caNCIAS FARMAC\u00caUTICAS - USP","description":"Informamos que est\u00e3o abertas as inscri\u00e7\u00f5es para a elei\u00e7\u00e3o dos representantes discentes de Gradua\u00e7\u00e3o, conforme segue:1)Congrega\u00e7\u00e3o:\u2013 01 representante discente da Gradua\u00e7\u00e3o e respectivo suplente2) Comiss\u00e3o de Rela\u00e7\u00f5es Internacionais:\u2013 01 representante discente da Gradua\u00e7\u00e3o e respectivo suplente3) Conselho do Departamento de An\u00e1lises e Cl\u00ednicas Toxicol\u00f3gicas:\u2013 02 representantes discentes da Gradua\u00e7\u00e3o e respectivos suplentes.4) Conselho do Departamento de Tecnologia Bioqu\u00edmico-Farmac\u00eautica:\u2013","inLanguage":"pt-BR","isPartOf":{"@id":"https:\/\/info.fcf.usp.br\/#website"},"breadcrumb":{"@id":"https:\/\/info.fcf.usp.br\/?p=9523#breadcrumblist"},"author":{"@id":"https:\/\/info.fcf.usp.br\/?author=18#author"},"creator":{"@id":"https:\/\/info.fcf.usp.br\/?author=18#author"},"image":{"@type":"ImageObject","url":"https:\/\/info.fcf.usp.br\/wp-content\/uploads\/2024\/09\/Destaques-site-13.png","@id":"https:\/\/info.fcf.usp.br\/?p=9523\/#mainImage","width":1603,"height":591},"primaryImageOfPage":{"@id":"https:\/\/info.fcf.usp.br\/?p=9523#mainImage"},"datePublished":"2024-09-25T11:51:05-03:00","dateModified":"2024-09-25T12:05:23-03:00"},{"@type":"WebSite","@id":"https:\/\/info.fcf.usp.br\/#website","url":"https:\/\/info.fcf.usp.br\/","name":"FACULDADE DE CI\u00caNCIAS FARMAC\u00caUTICAS - USP","description":"FACULDADE DE CI\u00caNCIAS FARMAC\u00caUTICAS - USP, Gradua\u00e7\u00e3o, p\u00f3s Gradua\u00e7\u00e3o, FCF","inLanguage":"pt-BR","publisher":{"@id":"https:\/\/info.fcf.usp.br\/#organization"}}]},"og:locale":"pt_BR","og:site_name":"FACULDADE DE CI\u00caNCIAS FARMAC\u00caUTICAS - USP - FACULDADE DE CI\u00caNCIAS FARMAC\u00caUTICAS - USP, Gradua\u00e7\u00e3o, p\u00f3s Gradua\u00e7\u00e3o, FCF","og:type":"article","og:title":"ELEI\u00c7\u00c3O PARA A REPRESENTA\u00c7\u00c3O DISCENTE DE GRADUA\u00c7\u00c3O - FACULDADE DE CI\u00caNCIAS FARMAC\u00caUTICAS - USP","og:description":"Informamos que est\u00e3o abertas as inscri\u00e7\u00f5es para a elei\u00e7\u00e3o dos representantes discentes de Gradua\u00e7\u00e3o, conforme segue:1)Congrega\u00e7\u00e3o:\u2013 01 representante discente da Gradua\u00e7\u00e3o e respectivo suplente2) Comiss\u00e3o de Rela\u00e7\u00f5es Internacionais:\u2013 01 representante discente da Gradua\u00e7\u00e3o e respectivo suplente3) Conselho do Departamento de An\u00e1lises e Cl\u00ednicas Toxicol\u00f3gicas:\u2013 02 representantes discentes da Gradua\u00e7\u00e3o e respectivos suplentes.4) Conselho do Departamento de Tecnologia Bioqu\u00edmico-Farmac\u00eautica:\u2013","og:url":"https:\/\/info.fcf.usp.br\/?p=9523","article:published_time":"2024-09-25T14:51:05+00:00","article:modified_time":"2024-09-25T15:05:23+00:00","twitter:card":"summary_large_image","twitter:title":"ELEI\u00c7\u00c3O PARA A REPRESENTA\u00c7\u00c3O DISCENTE DE GRADUA\u00c7\u00c3O - FACULDADE DE CI\u00caNCIAS FARMAC\u00caUTICAS - USP","twitter:description":"Informamos que est\u00e3o abertas as inscri\u00e7\u00f5es para a elei\u00e7\u00e3o dos representantes discentes de Gradua\u00e7\u00e3o, conforme segue:1)Congrega\u00e7\u00e3o:\u2013 01 representante discente da Gradua\u00e7\u00e3o e respectivo suplente2) Comiss\u00e3o de Rela\u00e7\u00f5es Internacionais:\u2013 01 representante discente da Gradua\u00e7\u00e3o e respectivo suplente3) Conselho do Departamento de An\u00e1lises e Cl\u00ednicas Toxicol\u00f3gicas:\u2013 02 representantes discentes da Gradua\u00e7\u00e3o e respectivos suplentes.4) Conselho do Departamento de Tecnologia Bioqu\u00edmico-Farmac\u00eautica:\u2013"},"aioseo_meta_data":{"post_id":"9523","title":null,"description":null,"keywords":null,"keyphrases":{"focus":{"keyphrase":"","score":0,"analysis":{"keyphraseInTitle":{"score":0,"maxScore":9,"error":1}}},"additional":[]},"primary_term":null,"canonical_url":null,"og_title":null,"og_description":null,"og_object_type":"default","og_image_type":"default","og_image_url":null,"og_image_width":null,"og_image_height":null,"og_image_custom_url":null,"og_image_custom_fields":null,"og_video":"","og_custom_url":null,"og_article_section":null,"og_article_tags":null,"twitter_use_og":false,"twitter_card":"default","twitter_image_type":"default","twitter_image_url":null,"twitter_image_custom_url":null,"twitter_image_custom_fields":null,"twitter_title":null,"twitter_description":null,"schema":{"blockGraphs":[],"customGraphs":[],"default":{"data":{"Article":[],"Course":[],"Dataset":[],"FAQPage":[],"Movie":[],"Person":[],"Product":[],"ProductReview":[],"Car":[],"Recipe":[],"Service":[],"SoftwareApplication":[],"WebPage":[]},"graphName":"BlogPosting","isEnabled":true},"graphs":[]},"schema_type":"default","schema_type_options":null,"pillar_content":false,"robots_default":true,"robots_noindex":false,"robots_noarchive":false,"robots_nosnippet":false,"robots_nofollow":false,"robots_noimageindex":false,"robots_noodp":false,"robots_notranslate":false,"robots_max_snippet":"-1","robots_max_videopreview":"-1","robots_max_imagepreview":"large","priority":null,"frequency":"default","local_seo":null,"breadcrumb_settings":null,"limit_modified_date":false,"ai":null,"created":"2024-09-25 14:30:42","updated":"2025-06-04 16:37:07","seo_analyzer_scan_date":null,"focus_keyword":null,"additional_keywords":null,"truseo_locale":null},"aioseo_breadcrumb":"<div class=\"aioseo-breadcrumbs\"><span class=\"aioseo-breadcrumb\">\n\t\t\t<a href=\"https:\/\/info.fcf.usp.br\" title=\"Home\">Home<\/a>\n\t\t<\/span><span class=\"aioseo-breadcrumb-separator\">&raquo;<\/span><span class=\"aioseo-breadcrumb\">\n\t\t\t<a href=\"https:\/\/info.fcf.usp.br\/?cat=7\" title=\"Destaques\">Destaques<\/a>\n\t\t<\/span><span class=\"aioseo-breadcrumb-separator\">&raquo;<\/span><span class=\"aioseo-breadcrumb\">\n\t\t\tELEI\u00c7\u00c3O PARA A REPRESENTA\u00c7\u00c3O DISCENTE DE GRADUA\u00c7\u00c3O\n\t\t<\/span><\/div>","aioseo_breadcrumb_json":[{"label":"Home","link":"https:\/\/info.fcf.usp.br"},{"label":"Destaques","link":"https:\/\/info.fcf.usp.br\/?cat=7"},{"label":"ELEI\u00c7\u00c3O PARA A REPRESENTA\u00c7\u00c3O DISCENTE DE GRADUA\u00c7\u00c3O","link":"https:\/\/info.fcf.usp.br\/?p=9523"}],"_links":{"self":[{"href":"https:\/\/info.fcf.usp.br\/index.php?rest_route=\/wp\/v2\/posts\/9523","targetHints":{"allow":["GET"]}}],"collection":[{"href":"https:\/\/info.fcf.usp.br\/index.php?rest_route=\/wp\/v2\/posts"}],"about":[{"href":"https:\/\/info.fcf.usp.br\/index.php?rest_route=\/wp\/v2\/types\/post"}],"author":[{"embeddable":true,"href":"https:\/\/info.fcf.usp.br\/index.php?rest_route=\/wp\/v2\/users\/18"}],"replies":[{"embeddable":true,"href":"https:\/\/info.fcf.usp.br\/index.php?rest_route=%2Fwp%2Fv2%2Fcomments&post=9523"}],"version-history":[{"count":7,"href":"https:\/\/info.fcf.usp.br\/index.php?rest_route=\/wp\/v2\/posts\/9523\/revisions"}],"predecessor-version":[{"id":9539,"href":"https:\/\/info.fcf.usp.br\/index.php?rest_route=\/wp\/v2\/posts\/9523\/revisions\/9539"}],"wp:featuredmedia":[{"embeddable":true,"href":"https:\/\/info.fcf.usp.br\/index.php?rest_route=\/wp\/v2\/media\/9526"}],"wp:attachment":[{"href":"https:\/\/info.fcf.usp.br\/index.php?rest_route=%2Fwp%2Fv2%2Fmedia&parent=9523"}],"wp:term":[{"taxonomy":"category","embeddable":true,"href":"https:\/\/info.fcf.usp.br\/index.php?rest_route=%2Fwp%2Fv2%2Fcategories&post=9523"},{"taxonomy":"post_tag","embeddable":true,"href":"https:\/\/info.fcf.usp.br\/index.php?rest_route=%2Fwp%2Fv2%2Ftags&post=9523"}],"curies":[{"name":"wp","href":"https:\/\/api.w.org\/{rel}","templated":true}]}}