{"id":2595,"date":"2021-06-18T16:20:54","date_gmt":"2021-06-18T19:20:54","guid":{"rendered":"https:\/\/infofcf.webhostusp.sti.usp.br\/?p=2595"},"modified":"2021-08-31T17:50:12","modified_gmt":"2021-08-31T20:50:12","slug":"simposio-internacional-a-ciencia-como-ferramenta-para-a-inovacao","status":"publish","type":"post","link":"https:\/\/info.fcf.usp.br\/?p=2595","title":{"rendered":"Simp\u00f3sio Internacional: A Ci\u00eancia como Ferramenta para a Inova\u00e7\u00e3o"},"content":{"rendered":"\t\t<div data-elementor-type=\"wp-post\" data-elementor-id=\"2595\" class=\"elementor elementor-2595\">\n\t\t\t\t\t\t<section class=\"elementor-section elementor-top-section elementor-element elementor-element-5170061 elementor-section-boxed elementor-section-height-default elementor-section-height-default\" data-id=\"5170061\" data-element_type=\"section\" data-e-type=\"section\">\n\t\t\t\t\t\t<div class=\"elementor-container elementor-column-gap-default\">\n\t\t\t\t\t<div class=\"elementor-column elementor-col-100 elementor-top-column elementor-element elementor-element-07315db\" data-id=\"07315db\" data-element_type=\"column\" data-e-type=\"column\">\n\t\t\t<div class=\"elementor-widget-wrap elementor-element-populated\">\n\t\t\t\t\t\t<div class=\"elementor-element elementor-element-7d5d2a5 content-align-cta-default elementor-widget elementor-widget-eael-cta-box\" data-id=\"7d5d2a5\" data-element_type=\"widget\" data-e-type=\"widget\" data-widget_type=\"eael-cta-box.default\">\n\t\t\t\t<div class=\"elementor-widget-container\">\n\t\t\t\t\t\t\t<div class=\"eael-call-to-action cta-basic bg-lite cta-preset-1\">\n        <h2 class=\"title eael-cta-heading\">Simp\u00f3sio Internacional: A Ci\u00eancia como Ferramenta para a Inova\u00e7\u00e3o<\/h2><p style=\"text-align: left\"><a href=\"https:\/\/sci4innovation.com\/\"><img fetchpriority=\"high\" decoding=\"async\" class=\"alignleft wp-image-2597\" src=\"https:\/\/info.fcf.usp.br\/2020\/wp-content\/uploads\/2021\/06\/Copy-of-LV-SUPFAB-1-300x300.png\" alt=\"\" width=\"350\" height=\"350\" srcset=\"https:\/\/info.fcf.usp.br\/wp-content\/uploads\/2021\/06\/Copy-of-LV-SUPFAB-1-300x300.png 300w, https:\/\/info.fcf.usp.br\/wp-content\/uploads\/2021\/06\/Copy-of-LV-SUPFAB-1-1024x1024.png 1024w, https:\/\/info.fcf.usp.br\/wp-content\/uploads\/2021\/06\/Copy-of-LV-SUPFAB-1-150x150.png 150w, https:\/\/info.fcf.usp.br\/wp-content\/uploads\/2021\/06\/Copy-of-LV-SUPFAB-1-768x768.png 768w, https:\/\/info.fcf.usp.br\/wp-content\/uploads\/2021\/06\/Copy-of-LV-SUPFAB-1.png 1080w\" sizes=\"(max-width: 350px) 100vw, 350px\" \/><\/a><\/p><p>Em nome da Comiss\u00e3o Organizadora, temos o prazer de convid\u00e1-lo a participar do Simp\u00f3sio Internacional: A Ci\u00eancia como Ferramenta para a Inova\u00e7\u00e3o, evento que acontecer\u00e1 virtualmente no dia 27 de setembro de 2021, como parte das atividades da Semana de Farm\u00e1cia e Bioqu\u00edmica de Escola de Ci\u00eancias Farmac\u00eauticas - Universidade de S\u00e3o Paulo (FCF-USP). Nos \u00faltimos anos, estamos enfrentando um movimento mundial contra a ci\u00eancia e os recursos financeiros para o desenvolvimento cient\u00edfico est\u00e3o se tornando escassos. Por outro lado, o momento atual da pandemia de Covid-19 nos mostra a import\u00e2ncia de pol\u00edticas cient\u00edficas fortes e bem fundamentadas para alcan\u00e7ar inova\u00e7\u00f5es significativas e contribuir para a riqueza humana. Portanto, \u00e9 de extrema import\u00e2ncia que a comunidade cient\u00edfica trabalhe em conjunto para fortalecer a ci\u00eancia para a inova\u00e7\u00e3o, bem como para melhorar nossas capacidades por meio do compartilhamento de pesquisas de ponta.<\/p><p>O encontro reunir\u00e1 importantes cientistas nacionais e internacionais para apresentar e discutir as \u00faltimas descobertas e tend\u00eancias em Ci\u00eancias Farmac\u00eauticas e \u00e1reas afins. O evento contar\u00e1 com palestras de investigadores de renome que trabalham em temas relacionados com as duas grandes sec\u00e7\u00f5es, nomeadamente \u201cInova\u00e7\u00e3o em f\u00e1rmacos e terapias\u201d e \u201cInvestiga\u00e7\u00e3o acad\u00e9mica e tradu\u00e7\u00e3o cl\u00ednica\u201d, bem como oportunidades para estudantes e jovens investigadores apresentarem e discutirem os seus trabalho. Esperamos receb\u00ea-los em setembro, no Simp\u00f3sio!<\/p><p>Prof. Carlota Rangel Yagui<br \/>Prof. Sandra Farsky<br \/>Co-Presidentes do Comit\u00ea Organizador.<\/p><a href=\"https:\/\/sci4innovation.com\/\" class=\"cta-button cta-preset-1  \">Visite nosso site<\/a>\t<\/div>\n\t\t\t\t\t\t\t\t<\/div>\n\t\t\t\t<\/div>\n\t\t\t\t\t<\/div>\n\t\t<\/div>\n\t\t\t\t\t<\/div>\n\t\t<\/section>\n\t\t\t\t<\/div>\n\t\t","protected":false},"excerpt":{"rendered":"<p>Simp\u00f3sio Internacional: A Ci\u00eancia como Ferramenta para a Inova\u00e7\u00e3o Em nome da Comiss\u00e3o Organizadora, temos&#8230;<\/p>\n","protected":false},"author":6,"featured_media":2597,"comment_status":"closed","ping_status":"open","sticky":false,"template":"","format":"standard","meta":{"om_disable_all_campaigns":false,"_monsterinsights_skip_tracking":false,"_uf_show_specific_survey":0,"_uf_disable_surveys":false,"footnotes":""},"categories":[3,24,86],"tags":[80,84,77],"class_list":["post-2595","post","type-post","status-publish","format-standard","has-post-thumbnail","hentry","category-eventos","category-institucional","category-semana-farmaceutica","tag-eventos-ciencias-farmaceuticas","tag-eventos-fcf-usp","tag-semana-farmaceutica-fcf"],"aioseo_notices":[],"aioseo_head":"\n\t\t<!-- All in One SEO 5.0.1.1 - aioseo.com -->\n\t<meta name=\"description\" content=\"Simp\u00f3sio Internacional: A Ci\u00eancia como Ferramenta para a Inova\u00e7\u00e3oEm nome da Comiss\u00e3o Organizadora, temos o prazer de convid\u00e1-lo a participar do Simp\u00f3sio Internacional: A Ci\u00eancia como Ferramenta para a Inova\u00e7\u00e3o, evento que acontecer\u00e1 virtualmente no dia 27 de setembro de 2021, como parte das atividades da Semana de Farm\u00e1cia e Bioqu\u00edmica de Escola de Ci\u00eancias\" \/>\n\t<meta name=\"robots\" content=\"max-image-preview:large\" \/>\n\t<meta name=\"author\" content=\"Ana\"\/>\n\t<link rel=\"canonical\" href=\"https:\/\/info.fcf.usp.br\/?p=2595\" \/>\n\t<meta name=\"generator\" content=\"All in One SEO (AIOSEO) 5.0.1.1\" \/>\n\t\t<meta property=\"og:locale\" content=\"pt_BR\" \/>\n\t\t<meta property=\"og:site_name\" content=\"FACULDADE DE CI\u00caNCIAS FARMAC\u00caUTICAS - USP - FACULDADE DE CI\u00caNCIAS FARMAC\u00caUTICAS - USP, Gradua\u00e7\u00e3o, p\u00f3s Gradua\u00e7\u00e3o, FCF\" \/>\n\t\t<meta property=\"og:type\" content=\"article\" \/>\n\t\t<meta property=\"og:title\" content=\"Simp\u00f3sio Internacional: A Ci\u00eancia como Ferramenta para a Inova\u00e7\u00e3o - FACULDADE DE CI\u00caNCIAS FARMAC\u00caUTICAS - USP\" \/>\n\t\t<meta property=\"og:description\" content=\"Simp\u00f3sio Internacional: A Ci\u00eancia como Ferramenta para a Inova\u00e7\u00e3oEm nome da Comiss\u00e3o Organizadora, temos o prazer de convid\u00e1-lo a participar do Simp\u00f3sio Internacional: A Ci\u00eancia como Ferramenta para a Inova\u00e7\u00e3o, evento que acontecer\u00e1 virtualmente no dia 27 de setembro de 2021, como parte das atividades da Semana de Farm\u00e1cia e Bioqu\u00edmica de Escola de Ci\u00eancias\" \/>\n\t\t<meta property=\"og:url\" content=\"https:\/\/info.fcf.usp.br\/?p=2595\" \/>\n\t\t<meta property=\"article:published_time\" content=\"2021-06-18T19:20:54+00:00\" \/>\n\t\t<meta property=\"article:modified_time\" content=\"2021-08-31T20:50:12+00:00\" \/>\n\t\t<meta name=\"twitter:card\" content=\"summary_large_image\" \/>\n\t\t<meta name=\"twitter:title\" content=\"Simp\u00f3sio Internacional: A Ci\u00eancia como Ferramenta para a Inova\u00e7\u00e3o - FACULDADE DE CI\u00caNCIAS FARMAC\u00caUTICAS - USP\" \/>\n\t\t<meta name=\"twitter:description\" content=\"Simp\u00f3sio Internacional: A Ci\u00eancia como Ferramenta para a Inova\u00e7\u00e3oEm nome da Comiss\u00e3o Organizadora, temos o prazer de convid\u00e1-lo a participar do Simp\u00f3sio Internacional: A Ci\u00eancia como Ferramenta para a Inova\u00e7\u00e3o, evento que acontecer\u00e1 virtualmente no dia 27 de setembro de 2021, como parte das atividades da Semana de Farm\u00e1cia e Bioqu\u00edmica de Escola de Ci\u00eancias\" \/>\n\t\t<script type=\"application\/ld+json\" class=\"aioseo-schema\">\n\t\t\t{\"@context\":\"https:\\\/\\\/schema.org\",\"@graph\":[{\"@type\":\"BlogPosting\",\"@id\":\"https:\\\/\\\/info.fcf.usp.br\\\/?p=2595#blogposting\",\"name\":\"Simp\\u00f3sio Internacional: A Ci\\u00eancia como Ferramenta para a Inova\\u00e7\\u00e3o - FACULDADE DE CI\\u00caNCIAS FARMAC\\u00caUTICAS - USP\",\"headline\":\"Simp\\u00f3sio Internacional: A Ci\\u00eancia como Ferramenta para a Inova\\u00e7\\u00e3o\",\"author\":{\"@id\":\"https:\\\/\\\/info.fcf.usp.br\\\/?author=6#author\"},\"publisher\":{\"@id\":\"https:\\\/\\\/info.fcf.usp.br\\\/#organization\"},\"image\":{\"@type\":\"ImageObject\",\"url\":\"https:\\\/\\\/info.fcf.usp.br\\\/wp-content\\\/uploads\\\/2021\\\/06\\\/Copy-of-LV-SUPFAB-1.png\",\"width\":1080,\"height\":1080},\"datePublished\":\"2021-06-18T16:20:54-03:00\",\"dateModified\":\"2021-08-31T17:50:12-03:00\",\"inLanguage\":\"pt-BR\",\"mainEntityOfPage\":{\"@id\":\"https:\\\/\\\/info.fcf.usp.br\\\/?p=2595#webpage\"},\"isPartOf\":{\"@id\":\"https:\\\/\\\/info.fcf.usp.br\\\/?p=2595#webpage\"},\"articleSection\":\"Eventos, Institucional, Semana Farmac\\u00eautica, eventos ci\\u00eancias farmac\\u00eauticas, eventos FCF USP, semana farmac\\u00eautica FCF\"},{\"@type\":\"BreadcrumbList\",\"@id\":\"https:\\\/\\\/info.fcf.usp.br\\\/?p=2595#breadcrumblist\",\"itemListElement\":[{\"@type\":\"ListItem\",\"@id\":\"https:\\\/\\\/info.fcf.usp.br#listItem\",\"position\":1,\"name\":\"Home\",\"item\":\"https:\\\/\\\/info.fcf.usp.br\",\"nextItem\":{\"@type\":\"ListItem\",\"@id\":\"https:\\\/\\\/info.fcf.usp.br\\\/?cat=3#listItem\",\"name\":\"Eventos\"}},{\"@type\":\"ListItem\",\"@id\":\"https:\\\/\\\/info.fcf.usp.br\\\/?cat=3#listItem\",\"position\":2,\"name\":\"Eventos\",\"item\":\"https:\\\/\\\/info.fcf.usp.br\\\/?cat=3\",\"nextItem\":{\"@type\":\"ListItem\",\"@id\":\"https:\\\/\\\/info.fcf.usp.br\\\/?p=2595#listItem\",\"name\":\"Simp\\u00f3sio Internacional: A Ci\\u00eancia como Ferramenta para a Inova\\u00e7\\u00e3o\"},\"previousItem\":{\"@type\":\"ListItem\",\"@id\":\"https:\\\/\\\/info.fcf.usp.br#listItem\",\"name\":\"Home\"}},{\"@type\":\"ListItem\",\"@id\":\"https:\\\/\\\/info.fcf.usp.br\\\/?p=2595#listItem\",\"position\":3,\"name\":\"Simp\\u00f3sio Internacional: A Ci\\u00eancia como Ferramenta para a Inova\\u00e7\\u00e3o\",\"previousItem\":{\"@type\":\"ListItem\",\"@id\":\"https:\\\/\\\/info.fcf.usp.br\\\/?cat=3#listItem\",\"name\":\"Eventos\"}}]},{\"@type\":\"Organization\",\"@id\":\"https:\\\/\\\/info.fcf.usp.br\\\/#organization\",\"name\":\"FACULDADE DE CI\\u00caNCIAS FARMAC\\u00caUTICAS - USP\",\"description\":\"FACULDADE DE CI\\u00caNCIAS FARMAC\\u00caUTICAS - USP, Gradua\\u00e7\\u00e3o, p\\u00f3s Gradua\\u00e7\\u00e3o, FCF\",\"url\":\"https:\\\/\\\/info.fcf.usp.br\\\/\"},{\"@type\":\"Person\",\"@id\":\"https:\\\/\\\/info.fcf.usp.br\\\/?author=6#author\",\"url\":\"https:\\\/\\\/info.fcf.usp.br\\\/?author=6\",\"name\":\"Ana\",\"image\":{\"@type\":\"ImageObject\",\"@id\":\"https:\\\/\\\/info.fcf.usp.br\\\/?p=2595#authorImage\",\"url\":\"https:\\\/\\\/secure.gravatar.com\\\/avatar\\\/29370db8fa6be6c43b05260ebb13b3d238cb8bbe3793fc65c8fe5cadaf5794b1?s=96&d=mm&r=g\",\"width\":96,\"height\":96,\"caption\":\"Ana\"}},{\"@type\":\"WebPage\",\"@id\":\"https:\\\/\\\/info.fcf.usp.br\\\/?p=2595#webpage\",\"url\":\"https:\\\/\\\/info.fcf.usp.br\\\/?p=2595\",\"name\":\"Simp\\u00f3sio Internacional: A Ci\\u00eancia como Ferramenta para a Inova\\u00e7\\u00e3o - FACULDADE DE CI\\u00caNCIAS FARMAC\\u00caUTICAS - USP\",\"description\":\"Simp\\u00f3sio Internacional: A Ci\\u00eancia como Ferramenta para a Inova\\u00e7\\u00e3oEm nome da Comiss\\u00e3o Organizadora, temos o prazer de convid\\u00e1-lo a participar do Simp\\u00f3sio Internacional: A Ci\\u00eancia como Ferramenta para a Inova\\u00e7\\u00e3o, evento que acontecer\\u00e1 virtualmente no dia 27 de setembro de 2021, como parte das atividades da Semana de Farm\\u00e1cia e Bioqu\\u00edmica de Escola de Ci\\u00eancias\",\"inLanguage\":\"pt-BR\",\"isPartOf\":{\"@id\":\"https:\\\/\\\/info.fcf.usp.br\\\/#website\"},\"breadcrumb\":{\"@id\":\"https:\\\/\\\/info.fcf.usp.br\\\/?p=2595#breadcrumblist\"},\"author\":{\"@id\":\"https:\\\/\\\/info.fcf.usp.br\\\/?author=6#author\"},\"creator\":{\"@id\":\"https:\\\/\\\/info.fcf.usp.br\\\/?author=6#author\"},\"image\":{\"@type\":\"ImageObject\",\"url\":\"https:\\\/\\\/info.fcf.usp.br\\\/wp-content\\\/uploads\\\/2021\\\/06\\\/Copy-of-LV-SUPFAB-1.png\",\"@id\":\"https:\\\/\\\/info.fcf.usp.br\\\/?p=2595\\\/#mainImage\",\"width\":1080,\"height\":1080},\"primaryImageOfPage\":{\"@id\":\"https:\\\/\\\/info.fcf.usp.br\\\/?p=2595#mainImage\"},\"datePublished\":\"2021-06-18T16:20:54-03:00\",\"dateModified\":\"2021-08-31T17:50:12-03:00\"},{\"@type\":\"WebSite\",\"@id\":\"https:\\\/\\\/info.fcf.usp.br\\\/#website\",\"url\":\"https:\\\/\\\/info.fcf.usp.br\\\/\",\"name\":\"FACULDADE DE CI\\u00caNCIAS FARMAC\\u00caUTICAS - USP\",\"description\":\"FACULDADE DE CI\\u00caNCIAS FARMAC\\u00caUTICAS - USP, Gradua\\u00e7\\u00e3o, p\\u00f3s Gradua\\u00e7\\u00e3o, FCF\",\"inLanguage\":\"pt-BR\",\"publisher\":{\"@id\":\"https:\\\/\\\/info.fcf.usp.br\\\/#organization\"}}]}\n\t\t<\/script>\n\t\t<!-- All in One SEO -->\n\n","aioseo_head_json":{"title":"Simp\u00f3sio Internacional: A Ci\u00eancia como Ferramenta para a Inova\u00e7\u00e3o - FACULDADE DE CI\u00caNCIAS FARMAC\u00caUTICAS - USP","description":"Simp\u00f3sio Internacional: A Ci\u00eancia como Ferramenta para a Inova\u00e7\u00e3oEm nome da Comiss\u00e3o Organizadora, temos o prazer de convid\u00e1-lo a participar do Simp\u00f3sio Internacional: A Ci\u00eancia como Ferramenta para a Inova\u00e7\u00e3o, evento que acontecer\u00e1 virtualmente no dia 27 de setembro de 2021, como parte das atividades da Semana de Farm\u00e1cia e Bioqu\u00edmica de Escola de Ci\u00eancias","canonical_url":"https:\/\/info.fcf.usp.br\/?p=2595","robots":"max-image-preview:large","keywords":"","webmasterTools":{"miscellaneous":""},"schema":{"@context":"https:\/\/schema.org","@graph":[{"@type":"BlogPosting","@id":"https:\/\/info.fcf.usp.br\/?p=2595#blogposting","name":"Simp\u00f3sio Internacional: A Ci\u00eancia como Ferramenta para a Inova\u00e7\u00e3o - FACULDADE DE CI\u00caNCIAS FARMAC\u00caUTICAS - USP","headline":"Simp\u00f3sio Internacional: A Ci\u00eancia como Ferramenta para a Inova\u00e7\u00e3o","author":{"@id":"https:\/\/info.fcf.usp.br\/?author=6#author"},"publisher":{"@id":"https:\/\/info.fcf.usp.br\/#organization"},"image":{"@type":"ImageObject","url":"https:\/\/info.fcf.usp.br\/wp-content\/uploads\/2021\/06\/Copy-of-LV-SUPFAB-1.png","width":1080,"height":1080},"datePublished":"2021-06-18T16:20:54-03:00","dateModified":"2021-08-31T17:50:12-03:00","inLanguage":"pt-BR","mainEntityOfPage":{"@id":"https:\/\/info.fcf.usp.br\/?p=2595#webpage"},"isPartOf":{"@id":"https:\/\/info.fcf.usp.br\/?p=2595#webpage"},"articleSection":"Eventos, Institucional, Semana Farmac\u00eautica, eventos ci\u00eancias farmac\u00eauticas, eventos FCF USP, semana farmac\u00eautica FCF"},{"@type":"BreadcrumbList","@id":"https:\/\/info.fcf.usp.br\/?p=2595#breadcrumblist","itemListElement":[{"@type":"ListItem","@id":"https:\/\/info.fcf.usp.br#listItem","position":1,"name":"Home","item":"https:\/\/info.fcf.usp.br","nextItem":{"@type":"ListItem","@id":"https:\/\/info.fcf.usp.br\/?cat=3#listItem","name":"Eventos"}},{"@type":"ListItem","@id":"https:\/\/info.fcf.usp.br\/?cat=3#listItem","position":2,"name":"Eventos","item":"https:\/\/info.fcf.usp.br\/?cat=3","nextItem":{"@type":"ListItem","@id":"https:\/\/info.fcf.usp.br\/?p=2595#listItem","name":"Simp\u00f3sio Internacional: A Ci\u00eancia como Ferramenta para a Inova\u00e7\u00e3o"},"previousItem":{"@type":"ListItem","@id":"https:\/\/info.fcf.usp.br#listItem","name":"Home"}},{"@type":"ListItem","@id":"https:\/\/info.fcf.usp.br\/?p=2595#listItem","position":3,"name":"Simp\u00f3sio Internacional: A Ci\u00eancia como Ferramenta para a Inova\u00e7\u00e3o","previousItem":{"@type":"ListItem","@id":"https:\/\/info.fcf.usp.br\/?cat=3#listItem","name":"Eventos"}}]},{"@type":"Organization","@id":"https:\/\/info.fcf.usp.br\/#organization","name":"FACULDADE DE CI\u00caNCIAS FARMAC\u00caUTICAS - USP","description":"FACULDADE DE CI\u00caNCIAS FARMAC\u00caUTICAS - USP, Gradua\u00e7\u00e3o, p\u00f3s Gradua\u00e7\u00e3o, FCF","url":"https:\/\/info.fcf.usp.br\/"},{"@type":"Person","@id":"https:\/\/info.fcf.usp.br\/?author=6#author","url":"https:\/\/info.fcf.usp.br\/?author=6","name":"Ana","image":{"@type":"ImageObject","@id":"https:\/\/info.fcf.usp.br\/?p=2595#authorImage","url":"https:\/\/secure.gravatar.com\/avatar\/29370db8fa6be6c43b05260ebb13b3d238cb8bbe3793fc65c8fe5cadaf5794b1?s=96&d=mm&r=g","width":96,"height":96,"caption":"Ana"}},{"@type":"WebPage","@id":"https:\/\/info.fcf.usp.br\/?p=2595#webpage","url":"https:\/\/info.fcf.usp.br\/?p=2595","name":"Simp\u00f3sio Internacional: A Ci\u00eancia como Ferramenta para a Inova\u00e7\u00e3o - FACULDADE DE CI\u00caNCIAS FARMAC\u00caUTICAS - USP","description":"Simp\u00f3sio Internacional: A Ci\u00eancia como Ferramenta para a Inova\u00e7\u00e3oEm nome da Comiss\u00e3o Organizadora, temos o prazer de convid\u00e1-lo a participar do Simp\u00f3sio Internacional: A Ci\u00eancia como Ferramenta para a Inova\u00e7\u00e3o, evento que acontecer\u00e1 virtualmente no dia 27 de setembro de 2021, como parte das atividades da Semana de Farm\u00e1cia e Bioqu\u00edmica de Escola de Ci\u00eancias","inLanguage":"pt-BR","isPartOf":{"@id":"https:\/\/info.fcf.usp.br\/#website"},"breadcrumb":{"@id":"https:\/\/info.fcf.usp.br\/?p=2595#breadcrumblist"},"author":{"@id":"https:\/\/info.fcf.usp.br\/?author=6#author"},"creator":{"@id":"https:\/\/info.fcf.usp.br\/?author=6#author"},"image":{"@type":"ImageObject","url":"https:\/\/info.fcf.usp.br\/wp-content\/uploads\/2021\/06\/Copy-of-LV-SUPFAB-1.png","@id":"https:\/\/info.fcf.usp.br\/?p=2595\/#mainImage","width":1080,"height":1080},"primaryImageOfPage":{"@id":"https:\/\/info.fcf.usp.br\/?p=2595#mainImage"},"datePublished":"2021-06-18T16:20:54-03:00","dateModified":"2021-08-31T17:50:12-03:00"},{"@type":"WebSite","@id":"https:\/\/info.fcf.usp.br\/#website","url":"https:\/\/info.fcf.usp.br\/","name":"FACULDADE DE CI\u00caNCIAS FARMAC\u00caUTICAS - USP","description":"FACULDADE DE CI\u00caNCIAS FARMAC\u00caUTICAS - USP, Gradua\u00e7\u00e3o, p\u00f3s Gradua\u00e7\u00e3o, FCF","inLanguage":"pt-BR","publisher":{"@id":"https:\/\/info.fcf.usp.br\/#organization"}}]},"og:locale":"pt_BR","og:site_name":"FACULDADE DE CI\u00caNCIAS FARMAC\u00caUTICAS - USP - FACULDADE DE CI\u00caNCIAS FARMAC\u00caUTICAS - USP, Gradua\u00e7\u00e3o, p\u00f3s Gradua\u00e7\u00e3o, FCF","og:type":"article","og:title":"Simp\u00f3sio Internacional: A Ci\u00eancia como Ferramenta para a Inova\u00e7\u00e3o - FACULDADE DE CI\u00caNCIAS FARMAC\u00caUTICAS - USP","og:description":"Simp\u00f3sio Internacional: A Ci\u00eancia como Ferramenta para a Inova\u00e7\u00e3oEm nome da Comiss\u00e3o Organizadora, temos o prazer de convid\u00e1-lo a participar do Simp\u00f3sio Internacional: A Ci\u00eancia como Ferramenta para a Inova\u00e7\u00e3o, evento que acontecer\u00e1 virtualmente no dia 27 de setembro de 2021, como parte das atividades da Semana de Farm\u00e1cia e Bioqu\u00edmica de Escola de Ci\u00eancias","og:url":"https:\/\/info.fcf.usp.br\/?p=2595","article:published_time":"2021-06-18T19:20:54+00:00","article:modified_time":"2021-08-31T20:50:12+00:00","twitter:card":"summary_large_image","twitter:title":"Simp\u00f3sio Internacional: A Ci\u00eancia como Ferramenta para a Inova\u00e7\u00e3o - FACULDADE DE CI\u00caNCIAS FARMAC\u00caUTICAS - USP","twitter:description":"Simp\u00f3sio Internacional: A Ci\u00eancia como Ferramenta para a Inova\u00e7\u00e3oEm nome da Comiss\u00e3o Organizadora, temos o prazer de convid\u00e1-lo a participar do Simp\u00f3sio Internacional: A Ci\u00eancia como Ferramenta para a Inova\u00e7\u00e3o, evento que acontecer\u00e1 virtualmente no dia 27 de setembro de 2021, como parte das atividades da Semana de Farm\u00e1cia e Bioqu\u00edmica de Escola de Ci\u00eancias"},"aioseo_meta_data":{"post_id":"2595","title":null,"description":null,"keywords":null,"keyphrases":null,"primary_term":null,"canonical_url":null,"og_title":null,"og_description":null,"og_object_type":"default","og_image_type":"default","og_image_url":null,"og_image_width":null,"og_image_height":null,"og_image_custom_url":null,"og_image_custom_fields":null,"og_video":null,"og_custom_url":null,"og_article_section":null,"og_article_tags":null,"twitter_use_og":false,"twitter_card":"default","twitter_image_type":"default","twitter_image_url":null,"twitter_image_custom_url":null,"twitter_image_custom_fields":null,"twitter_title":null,"twitter_description":null,"schema":{"blockGraphs":[],"customGraphs":[],"default":{"data":{"Article":[],"Course":[],"Dataset":[],"FAQPage":[],"Movie":[],"Person":[],"Product":[],"ProductReview":[],"Car":[],"Recipe":[],"Service":[],"SoftwareApplication":[],"WebPage":[]},"graphName":"","isEnabled":true},"graphs":[]},"schema_type":"default","schema_type_options":null,"pillar_content":false,"robots_default":true,"robots_noindex":false,"robots_noarchive":false,"robots_nosnippet":false,"robots_nofollow":false,"robots_noimageindex":false,"robots_noodp":false,"robots_notranslate":false,"robots_max_snippet":null,"robots_max_videopreview":null,"robots_max_imagepreview":"large","priority":null,"frequency":null,"local_seo":null,"breadcrumb_settings":null,"limit_modified_date":false,"ai":null,"created":"2024-09-14 04:44:01","updated":"2025-06-04 15:36:31","seo_analyzer_scan_date":null,"focus_keyword":null,"additional_keywords":null,"truseo_locale":null},"aioseo_breadcrumb":"<div class=\"aioseo-breadcrumbs\"><span class=\"aioseo-breadcrumb\">\n\t\t\t<a href=\"https:\/\/info.fcf.usp.br\" title=\"Home\">Home<\/a>\n\t\t<\/span><span class=\"aioseo-breadcrumb-separator\">&raquo;<\/span><span class=\"aioseo-breadcrumb\">\n\t\t\t<a href=\"https:\/\/info.fcf.usp.br\/?cat=3\" title=\"Eventos\">Eventos<\/a>\n\t\t<\/span><span class=\"aioseo-breadcrumb-separator\">&raquo;<\/span><span class=\"aioseo-breadcrumb\">\n\t\t\tSimp\u00f3sio Internacional: A Ci\u00eancia como Ferramenta para a Inova\u00e7\u00e3o\n\t\t<\/span><\/div>","aioseo_breadcrumb_json":[{"label":"Home","link":"https:\/\/info.fcf.usp.br"},{"label":"Eventos","link":"https:\/\/info.fcf.usp.br\/?cat=3"},{"label":"Simp\u00f3sio Internacional: A Ci\u00eancia como Ferramenta para a Inova\u00e7\u00e3o","link":"https:\/\/info.fcf.usp.br\/?p=2595"}],"_links":{"self":[{"href":"https:\/\/info.fcf.usp.br\/index.php?rest_route=\/wp\/v2\/posts\/2595","targetHints":{"allow":["GET"]}}],"collection":[{"href":"https:\/\/info.fcf.usp.br\/index.php?rest_route=\/wp\/v2\/posts"}],"about":[{"href":"https:\/\/info.fcf.usp.br\/index.php?rest_route=\/wp\/v2\/types\/post"}],"author":[{"embeddable":true,"href":"https:\/\/info.fcf.usp.br\/index.php?rest_route=\/wp\/v2\/users\/6"}],"replies":[{"embeddable":true,"href":"https:\/\/info.fcf.usp.br\/index.php?rest_route=%2Fwp%2Fv2%2Fcomments&post=2595"}],"version-history":[{"count":5,"href":"https:\/\/info.fcf.usp.br\/index.php?rest_route=\/wp\/v2\/posts\/2595\/revisions"}],"predecessor-version":[{"id":2601,"href":"https:\/\/info.fcf.usp.br\/index.php?rest_route=\/wp\/v2\/posts\/2595\/revisions\/2601"}],"wp:featuredmedia":[{"embeddable":true,"href":"https:\/\/info.fcf.usp.br\/index.php?rest_route=\/wp\/v2\/media\/2597"}],"wp:attachment":[{"href":"https:\/\/info.fcf.usp.br\/index.php?rest_route=%2Fwp%2Fv2%2Fmedia&parent=2595"}],"wp:term":[{"taxonomy":"category","embeddable":true,"href":"https:\/\/info.fcf.usp.br\/index.php?rest_route=%2Fwp%2Fv2%2Fcategories&post=2595"},{"taxonomy":"post_tag","embeddable":true,"href":"https:\/\/info.fcf.usp.br\/index.php?rest_route=%2Fwp%2Fv2%2Ftags&post=2595"}],"curies":[{"name":"wp","href":"https:\/\/api.w.org\/{rel}","templated":true}]}}