{"id":13848,"date":"2026-08-31T15:18:10","date_gmt":"2026-08-31T18:18:10","guid":{"rendered":"https:\/\/info.fcf.usp.br\/?p=13848"},"modified":"2026-08-31T15:18:12","modified_gmt":"2026-08-31T18:18:12","slug":"inscricoes-abertas-eleicao-representante-da-comunidade-fcf-junto-ao-nucleo-de-direitos-humanos","status":"publish","type":"post","link":"https:\/\/info.fcf.usp.br\/?p=13848","title":{"rendered":"Inscri\u00e7\u00f5es Abertas &#8211; Elei\u00e7\u00e3o \u2013 Representante da Comunidade FCF junto ao N\u00facleo de Direitos Humanos"},"content":{"rendered":"\n<p class=\"wp-block-paragraph\">Prezados(as) Srs.(as),<\/p>\n\n\n\n<p class=\"wp-block-paragraph\">A pedido da Maria Claudia Perna \u2013 Chefe da Divis\u00e3o Acad\u00eamica, informamos que est\u00e3o abertas as inscri\u00e7\u00f5es para a elei\u00e7\u00e3o de 01 (um) representante da Comunidade FCF, pessoa preta, parda e\/ou ind\u00edgena (PPI), junto ao N\u00facleo de Direitos Humanos da Faculdade de Ci\u00eancias Farmac\u00eauticas da Universidade de S\u00e3o Paulo, em conformidade com a Portaria FCF n\u00ba 1151, de 27 de agosto de 2026.<\/p>\n\n\n\n<p class=\"wp-block-paragraph\">Poder\u00e3o votar os membros da Comunidade FCF: alunos(as) de gradua\u00e7\u00e3o regularmente matriculados(as); alunos(as) de p\u00f3s-gradua\u00e7\u00e3o regularmente matriculados(as) nos Programas de P\u00f3s-Gradua\u00e7\u00e3o da FCF; p\u00f3s-doutorandos(as) com cadastro ativo no Programa de P\u00f3s-Doutorado da FCF; docentes de todas as categorias em atividade; e servidores(as) t\u00e9cnico-administrativos(as) em efetivo exerc\u00edcio na Unidade.<\/p>\n\n\n\n<p class=\"wp-block-paragraph\">Poder\u00e3o candidatar-se os integrantes da Comunidade FCF que se enquadrem na condi\u00e7\u00e3o de pessoa preta, parda e\/ou ind\u00edgena (PPI).<\/p>\n\n\n\n<p class=\"wp-block-paragraph\">O per\u00edodo de inscri\u00e7\u00f5es estar\u00e1 aberto a partir da data de divulga\u00e7\u00e3o da referida Portaria at\u00e9 \u00e0s&nbsp;<strong>17h do dia 23 de setembro de 2026<\/strong>.<\/p>\n\n\n\n<p class=\"wp-block-paragraph\">As candidaturas dever\u00e3o ser encaminhadas ao e-mail&nbsp;<a>eleicaofcf@usp.br<\/a>, mediante requerimento individual, acompanhado de documento que comprove o v\u00ednculo regular com a FCF, quando aplic\u00e1vel, conforme estabelecido na Portaria. Para docentes e servidores(as) t\u00e9cnico-administrativos(as), o v\u00ednculo ser\u00e1 verificado nos sistemas corporativos da USP.<\/p>\n\n\n\n<p class=\"wp-block-paragraph\">A rela\u00e7\u00e3o das candidaturas deferidas ser\u00e1 divulgada na p\u00e1gina da Unidade at\u00e9 \u00e0s 16h do dia 24 de setembro de 2026.<\/p>\n\n\n\n<p class=\"wp-block-paragraph\">Recursos contra eventual indeferimento de inscri\u00e7\u00e3o poder\u00e3o ser encaminhados ao e-mail&nbsp;<a>eleicaofcf@usp.br<\/a>, at\u00e9 \u00e0s 16h do dia 30 de setembro de 2026, sendo a decis\u00e3o divulgada na p\u00e1gina da Unidade at\u00e9 \u00e0s 16h do dia 1\u00ba de outubro de 2026.<\/p>\n\n\n\n<p class=\"wp-block-paragraph\">A elei\u00e7\u00e3o ser\u00e1 realizada no dia 14 de outubro de 2026, das 7h \u00e0s 17h, por meio de sistema eletr\u00f4nico de vota\u00e7\u00e3o e totaliza\u00e7\u00e3o de votos.<\/p>\n\n\n\n<p class=\"wp-block-paragraph\">As instru\u00e7\u00f5es para acesso ao sistema de vota\u00e7\u00e3o ser\u00e3o encaminhadas aos eleitores, em seus e-mails cadastrados na base de dados corporativa da USP, no dia 13 de outubro de 2026, para que possam exercer o voto utilizando a senha \u00fanica.<\/p>\n\n\n\n<p class=\"wp-block-paragraph\">A totaliza\u00e7\u00e3o dos votos ser\u00e1 divulgada no dia 15 de outubro de 2026, na p\u00e1gina da Unidade.<\/p>\n\n\n\n<p class=\"wp-block-paragraph\">Informa\u00e7\u00f5es adicionais poder\u00e3o ser consultadas na Portaria FCF n\u00ba 1151, de 27 de agosto de 2026, encaminhada em anexo.<\/p>\n\n\n\n<p class=\"wp-block-paragraph\"><strong>ANEXOS:<\/strong><\/p>\n\n\n\n<p class=\"wp-block-paragraph\"><strong><a href=\"https:\/\/info.fcf.usp.br\/wp-content\/uploads\/2026\/08\/PORT-FCF-1151-de-27.08.26-Eleicao-COMUNIDADE-FCF-para-o-NDH.pdf\" target=\"_blank\" rel=\"noopener\">PORTARIA FCF No 1151, DE 27 DE AGOSTO DE 2026<\/a><\/strong><\/p>\n\n\n\n<p class=\"wp-block-paragraph\"><a href=\"https:\/\/info.fcf.usp.br\/wp-content\/uploads\/2026\/08\/Requerimento_Inscricao_Comunidade_FCF_NDH_PPI.docx\" target=\"_blank\" rel=\"noopener\">REQUERIMENTO DE INSCRI\u00c7\u00c3O Elei\u00e7\u00e3o de Representante da Comunidade FCF \u2013 N\u00facleo de Direitos Humanos<\/a><\/p>\n\n\n\n<p class=\"wp-block-paragraph\"><\/p>\n","protected":false},"excerpt":{"rendered":"<p>Prezados(as) Srs.(as), A pedido da Maria Claudia Perna \u2013 Chefe da Divis\u00e3o Acad\u00eamica, informamos que&#8230;<\/p>\n","protected":false},"author":24,"featured_media":0,"comment_status":"closed","ping_status":"open","sticky":false,"template":"","format":"standard","meta":{"om_disable_all_campaigns":false,"_monsterinsights_skip_tracking":false,"_uf_show_specific_survey":0,"_uf_disable_surveys":false,"footnotes":""},"categories":[8,24],"tags":[],"class_list":["post-13848","post","type-post","status-publish","format-standard","hentry","category-eleicoes","category-institucional"],"aioseo_notices":[],"aioseo_head":"\n\t\t<!-- All in One SEO 5.0.1.1 - aioseo.com -->\n\t<meta name=\"description\" content=\"Prezados(as) Srs.(as), A pedido da Maria Claudia Perna \u2013 Chefe da Divis\u00e3o Acad\u00eamica, informamos que est\u00e3o abertas as inscri\u00e7\u00f5es para a elei\u00e7\u00e3o de 01 (um) representante da Comunidade FCF, pessoa preta, parda e\/ou ind\u00edgena (PPI), junto ao N\u00facleo de Direitos Humanos da Faculdade de Ci\u00eancias Farmac\u00eauticas da Universidade de S\u00e3o Paulo, em conformidade com a\" \/>\n\t<meta name=\"robots\" content=\"max-image-preview:large\" \/>\n\t<meta name=\"author\" content=\"Eudes Colodino\"\/>\n\t<link rel=\"canonical\" href=\"https:\/\/info.fcf.usp.br\/?p=13848\" \/>\n\t<meta name=\"generator\" content=\"All in One SEO (AIOSEO) 5.0.1.1\" \/>\n\t\t<meta property=\"og:locale\" content=\"pt_BR\" \/>\n\t\t<meta property=\"og:site_name\" content=\"FACULDADE DE CI\u00caNCIAS FARMAC\u00caUTICAS - USP - FACULDADE DE CI\u00caNCIAS FARMAC\u00caUTICAS - USP, Gradua\u00e7\u00e3o, p\u00f3s Gradua\u00e7\u00e3o, FCF\" \/>\n\t\t<meta property=\"og:type\" content=\"article\" \/>\n\t\t<meta property=\"og:title\" content=\"Inscri\u00e7\u00f5es Abertas \u2013 Elei\u00e7\u00e3o \u2013 Representante da Comunidade FCF junto ao N\u00facleo de Direitos Humanos - FACULDADE DE CI\u00caNCIAS FARMAC\u00caUTICAS - USP\" \/>\n\t\t<meta property=\"og:description\" content=\"Prezados(as) Srs.(as), A pedido da Maria Claudia Perna \u2013 Chefe da Divis\u00e3o Acad\u00eamica, informamos que est\u00e3o abertas as inscri\u00e7\u00f5es para a elei\u00e7\u00e3o de 01 (um) representante da Comunidade FCF, pessoa preta, parda e\/ou ind\u00edgena (PPI), junto ao N\u00facleo de Direitos Humanos da Faculdade de Ci\u00eancias Farmac\u00eauticas da Universidade de S\u00e3o Paulo, em conformidade com a\" \/>\n\t\t<meta property=\"og:url\" content=\"https:\/\/info.fcf.usp.br\/?p=13848\" \/>\n\t\t<meta property=\"article:published_time\" content=\"2026-08-31T18:18:10+00:00\" \/>\n\t\t<meta property=\"article:modified_time\" content=\"2026-08-31T18:18:12+00:00\" \/>\n\t\t<meta name=\"twitter:card\" content=\"summary_large_image\" \/>\n\t\t<meta name=\"twitter:title\" content=\"Inscri\u00e7\u00f5es Abertas \u2013 Elei\u00e7\u00e3o \u2013 Representante da Comunidade FCF junto ao N\u00facleo de Direitos Humanos - FACULDADE DE CI\u00caNCIAS FARMAC\u00caUTICAS - USP\" \/>\n\t\t<meta name=\"twitter:description\" content=\"Prezados(as) Srs.(as), A pedido da Maria Claudia Perna \u2013 Chefe da Divis\u00e3o Acad\u00eamica, informamos que est\u00e3o abertas as inscri\u00e7\u00f5es para a elei\u00e7\u00e3o de 01 (um) representante da Comunidade FCF, pessoa preta, parda e\/ou ind\u00edgena (PPI), junto ao N\u00facleo de Direitos Humanos da Faculdade de Ci\u00eancias Farmac\u00eauticas da Universidade de S\u00e3o Paulo, em conformidade com a\" \/>\n\t\t<script type=\"application\/ld+json\" class=\"aioseo-schema\">\n\t\t\t{\"@context\":\"https:\\\/\\\/schema.org\",\"@graph\":[{\"@type\":\"BlogPosting\",\"@id\":\"https:\\\/\\\/info.fcf.usp.br\\\/?p=13848#blogposting\",\"name\":\"Inscri\\u00e7\\u00f5es Abertas \\u2013 Elei\\u00e7\\u00e3o \\u2013 Representante da Comunidade FCF junto ao N\\u00facleo de Direitos Humanos - FACULDADE DE CI\\u00caNCIAS FARMAC\\u00caUTICAS - USP\",\"headline\":\"Inscri\\u00e7\\u00f5es Abertas &#8211; Elei\\u00e7\\u00e3o \\u2013 Representante da Comunidade FCF junto ao N\\u00facleo de Direitos Humanos\",\"author\":{\"@id\":\"https:\\\/\\\/info.fcf.usp.br\\\/?author=24#author\"},\"publisher\":{\"@id\":\"https:\\\/\\\/info.fcf.usp.br\\\/#organization\"},\"datePublished\":\"2026-08-31T15:18:10-03:00\",\"dateModified\":\"2026-08-31T15:18:12-03:00\",\"inLanguage\":\"pt-BR\",\"mainEntityOfPage\":{\"@id\":\"https:\\\/\\\/info.fcf.usp.br\\\/?p=13848#webpage\"},\"isPartOf\":{\"@id\":\"https:\\\/\\\/info.fcf.usp.br\\\/?p=13848#webpage\"},\"articleSection\":\"Elei\\u00e7\\u00f5es, Institucional\"},{\"@type\":\"BreadcrumbList\",\"@id\":\"https:\\\/\\\/info.fcf.usp.br\\\/?p=13848#breadcrumblist\",\"itemListElement\":[{\"@type\":\"ListItem\",\"@id\":\"https:\\\/\\\/info.fcf.usp.br#listItem\",\"position\":1,\"name\":\"Home\",\"item\":\"https:\\\/\\\/info.fcf.usp.br\",\"nextItem\":{\"@type\":\"ListItem\",\"@id\":\"https:\\\/\\\/info.fcf.usp.br\\\/?cat=8#listItem\",\"name\":\"Elei\\u00e7\\u00f5es\"}},{\"@type\":\"ListItem\",\"@id\":\"https:\\\/\\\/info.fcf.usp.br\\\/?cat=8#listItem\",\"position\":2,\"name\":\"Elei\\u00e7\\u00f5es\",\"item\":\"https:\\\/\\\/info.fcf.usp.br\\\/?cat=8\",\"nextItem\":{\"@type\":\"ListItem\",\"@id\":\"https:\\\/\\\/info.fcf.usp.br\\\/?p=13848#listItem\",\"name\":\"Inscri\\u00e7\\u00f5es Abertas &#8211; Elei\\u00e7\\u00e3o \\u2013 Representante da Comunidade FCF junto ao N\\u00facleo de Direitos Humanos\"},\"previousItem\":{\"@type\":\"ListItem\",\"@id\":\"https:\\\/\\\/info.fcf.usp.br#listItem\",\"name\":\"Home\"}},{\"@type\":\"ListItem\",\"@id\":\"https:\\\/\\\/info.fcf.usp.br\\\/?p=13848#listItem\",\"position\":3,\"name\":\"Inscri\\u00e7\\u00f5es Abertas &#8211; Elei\\u00e7\\u00e3o \\u2013 Representante da Comunidade FCF junto ao N\\u00facleo de Direitos Humanos\",\"previousItem\":{\"@type\":\"ListItem\",\"@id\":\"https:\\\/\\\/info.fcf.usp.br\\\/?cat=8#listItem\",\"name\":\"Elei\\u00e7\\u00f5es\"}}]},{\"@type\":\"Organization\",\"@id\":\"https:\\\/\\\/info.fcf.usp.br\\\/#organization\",\"name\":\"FACULDADE DE CI\\u00caNCIAS FARMAC\\u00caUTICAS - USP\",\"description\":\"FACULDADE DE CI\\u00caNCIAS FARMAC\\u00caUTICAS - USP, Gradua\\u00e7\\u00e3o, p\\u00f3s Gradua\\u00e7\\u00e3o, FCF\",\"url\":\"https:\\\/\\\/info.fcf.usp.br\\\/\"},{\"@type\":\"Person\",\"@id\":\"https:\\\/\\\/info.fcf.usp.br\\\/?author=24#author\",\"url\":\"https:\\\/\\\/info.fcf.usp.br\\\/?author=24\",\"name\":\"Eudes Colodino\",\"image\":{\"@type\":\"ImageObject\",\"@id\":\"https:\\\/\\\/info.fcf.usp.br\\\/?p=13848#authorImage\",\"url\":\"https:\\\/\\\/secure.gravatar.com\\\/avatar\\\/1ffabeb43c10bc03f142c71e404376c3ad83f1b17041ba9d0df731636cc8a0a0?s=96&d=mm&r=g\",\"width\":96,\"height\":96,\"caption\":\"Eudes Colodino\"}},{\"@type\":\"WebPage\",\"@id\":\"https:\\\/\\\/info.fcf.usp.br\\\/?p=13848#webpage\",\"url\":\"https:\\\/\\\/info.fcf.usp.br\\\/?p=13848\",\"name\":\"Inscri\\u00e7\\u00f5es Abertas \\u2013 Elei\\u00e7\\u00e3o \\u2013 Representante da Comunidade FCF junto ao N\\u00facleo de Direitos Humanos - FACULDADE DE CI\\u00caNCIAS FARMAC\\u00caUTICAS - USP\",\"description\":\"Prezados(as) Srs.(as), A pedido da Maria Claudia Perna \\u2013 Chefe da Divis\\u00e3o Acad\\u00eamica, informamos que est\\u00e3o abertas as inscri\\u00e7\\u00f5es para a elei\\u00e7\\u00e3o de 01 (um) representante da Comunidade FCF, pessoa preta, parda e\\\/ou ind\\u00edgena (PPI), junto ao N\\u00facleo de Direitos Humanos da Faculdade de Ci\\u00eancias Farmac\\u00eauticas da Universidade de S\\u00e3o Paulo, em conformidade com a\",\"inLanguage\":\"pt-BR\",\"isPartOf\":{\"@id\":\"https:\\\/\\\/info.fcf.usp.br\\\/#website\"},\"breadcrumb\":{\"@id\":\"https:\\\/\\\/info.fcf.usp.br\\\/?p=13848#breadcrumblist\"},\"author\":{\"@id\":\"https:\\\/\\\/info.fcf.usp.br\\\/?author=24#author\"},\"creator\":{\"@id\":\"https:\\\/\\\/info.fcf.usp.br\\\/?author=24#author\"},\"datePublished\":\"2026-08-31T15:18:10-03:00\",\"dateModified\":\"2026-08-31T15:18:12-03:00\"},{\"@type\":\"WebSite\",\"@id\":\"https:\\\/\\\/info.fcf.usp.br\\\/#website\",\"url\":\"https:\\\/\\\/info.fcf.usp.br\\\/\",\"name\":\"FACULDADE DE CI\\u00caNCIAS FARMAC\\u00caUTICAS - USP\",\"description\":\"FACULDADE DE CI\\u00caNCIAS FARMAC\\u00caUTICAS - USP, Gradua\\u00e7\\u00e3o, p\\u00f3s Gradua\\u00e7\\u00e3o, FCF\",\"inLanguage\":\"pt-BR\",\"publisher\":{\"@id\":\"https:\\\/\\\/info.fcf.usp.br\\\/#organization\"}}]}\n\t\t<\/script>\n\t\t<!-- All in One SEO -->\n\n","aioseo_head_json":{"title":"Inscri\u00e7\u00f5es Abertas \u2013 Elei\u00e7\u00e3o \u2013 Representante da Comunidade FCF junto ao N\u00facleo de Direitos Humanos - FACULDADE DE CI\u00caNCIAS FARMAC\u00caUTICAS - USP","description":"Prezados(as) Srs.(as), A pedido da Maria Claudia Perna \u2013 Chefe da Divis\u00e3o Acad\u00eamica, informamos que est\u00e3o abertas as inscri\u00e7\u00f5es para a elei\u00e7\u00e3o de 01 (um) representante da Comunidade FCF, pessoa preta, parda e\/ou ind\u00edgena (PPI), junto ao N\u00facleo de Direitos Humanos da Faculdade de Ci\u00eancias Farmac\u00eauticas da Universidade de S\u00e3o Paulo, em conformidade com a","canonical_url":"https:\/\/info.fcf.usp.br\/?p=13848","robots":"max-image-preview:large","keywords":"","webmasterTools":{"miscellaneous":""},"schema":{"@context":"https:\/\/schema.org","@graph":[{"@type":"BlogPosting","@id":"https:\/\/info.fcf.usp.br\/?p=13848#blogposting","name":"Inscri\u00e7\u00f5es Abertas \u2013 Elei\u00e7\u00e3o \u2013 Representante da Comunidade FCF junto ao N\u00facleo de Direitos Humanos - FACULDADE DE CI\u00caNCIAS FARMAC\u00caUTICAS - USP","headline":"Inscri\u00e7\u00f5es Abertas &#8211; Elei\u00e7\u00e3o \u2013 Representante da Comunidade FCF junto ao N\u00facleo de Direitos Humanos","author":{"@id":"https:\/\/info.fcf.usp.br\/?author=24#author"},"publisher":{"@id":"https:\/\/info.fcf.usp.br\/#organization"},"datePublished":"2026-08-31T15:18:10-03:00","dateModified":"2026-08-31T15:18:12-03:00","inLanguage":"pt-BR","mainEntityOfPage":{"@id":"https:\/\/info.fcf.usp.br\/?p=13848#webpage"},"isPartOf":{"@id":"https:\/\/info.fcf.usp.br\/?p=13848#webpage"},"articleSection":"Elei\u00e7\u00f5es, Institucional"},{"@type":"BreadcrumbList","@id":"https:\/\/info.fcf.usp.br\/?p=13848#breadcrumblist","itemListElement":[{"@type":"ListItem","@id":"https:\/\/info.fcf.usp.br#listItem","position":1,"name":"Home","item":"https:\/\/info.fcf.usp.br","nextItem":{"@type":"ListItem","@id":"https:\/\/info.fcf.usp.br\/?cat=8#listItem","name":"Elei\u00e7\u00f5es"}},{"@type":"ListItem","@id":"https:\/\/info.fcf.usp.br\/?cat=8#listItem","position":2,"name":"Elei\u00e7\u00f5es","item":"https:\/\/info.fcf.usp.br\/?cat=8","nextItem":{"@type":"ListItem","@id":"https:\/\/info.fcf.usp.br\/?p=13848#listItem","name":"Inscri\u00e7\u00f5es Abertas &#8211; Elei\u00e7\u00e3o \u2013 Representante da Comunidade FCF junto ao N\u00facleo de Direitos Humanos"},"previousItem":{"@type":"ListItem","@id":"https:\/\/info.fcf.usp.br#listItem","name":"Home"}},{"@type":"ListItem","@id":"https:\/\/info.fcf.usp.br\/?p=13848#listItem","position":3,"name":"Inscri\u00e7\u00f5es Abertas &#8211; Elei\u00e7\u00e3o \u2013 Representante da Comunidade FCF junto ao N\u00facleo de Direitos Humanos","previousItem":{"@type":"ListItem","@id":"https:\/\/info.fcf.usp.br\/?cat=8#listItem","name":"Elei\u00e7\u00f5es"}}]},{"@type":"Organization","@id":"https:\/\/info.fcf.usp.br\/#organization","name":"FACULDADE DE CI\u00caNCIAS FARMAC\u00caUTICAS - USP","description":"FACULDADE DE CI\u00caNCIAS FARMAC\u00caUTICAS - USP, Gradua\u00e7\u00e3o, p\u00f3s Gradua\u00e7\u00e3o, FCF","url":"https:\/\/info.fcf.usp.br\/"},{"@type":"Person","@id":"https:\/\/info.fcf.usp.br\/?author=24#author","url":"https:\/\/info.fcf.usp.br\/?author=24","name":"Eudes Colodino","image":{"@type":"ImageObject","@id":"https:\/\/info.fcf.usp.br\/?p=13848#authorImage","url":"https:\/\/secure.gravatar.com\/avatar\/1ffabeb43c10bc03f142c71e404376c3ad83f1b17041ba9d0df731636cc8a0a0?s=96&d=mm&r=g","width":96,"height":96,"caption":"Eudes Colodino"}},{"@type":"WebPage","@id":"https:\/\/info.fcf.usp.br\/?p=13848#webpage","url":"https:\/\/info.fcf.usp.br\/?p=13848","name":"Inscri\u00e7\u00f5es Abertas \u2013 Elei\u00e7\u00e3o \u2013 Representante da Comunidade FCF junto ao N\u00facleo de Direitos Humanos - FACULDADE DE CI\u00caNCIAS FARMAC\u00caUTICAS - USP","description":"Prezados(as) Srs.(as), A pedido da Maria Claudia Perna \u2013 Chefe da Divis\u00e3o Acad\u00eamica, informamos que est\u00e3o abertas as inscri\u00e7\u00f5es para a elei\u00e7\u00e3o de 01 (um) representante da Comunidade FCF, pessoa preta, parda e\/ou ind\u00edgena (PPI), junto ao N\u00facleo de Direitos Humanos da Faculdade de Ci\u00eancias Farmac\u00eauticas da Universidade de S\u00e3o Paulo, em conformidade com a","inLanguage":"pt-BR","isPartOf":{"@id":"https:\/\/info.fcf.usp.br\/#website"},"breadcrumb":{"@id":"https:\/\/info.fcf.usp.br\/?p=13848#breadcrumblist"},"author":{"@id":"https:\/\/info.fcf.usp.br\/?author=24#author"},"creator":{"@id":"https:\/\/info.fcf.usp.br\/?author=24#author"},"datePublished":"2026-08-31T15:18:10-03:00","dateModified":"2026-08-31T15:18:12-03:00"},{"@type":"WebSite","@id":"https:\/\/info.fcf.usp.br\/#website","url":"https:\/\/info.fcf.usp.br\/","name":"FACULDADE DE CI\u00caNCIAS FARMAC\u00caUTICAS - USP","description":"FACULDADE DE CI\u00caNCIAS FARMAC\u00caUTICAS - USP, Gradua\u00e7\u00e3o, p\u00f3s Gradua\u00e7\u00e3o, FCF","inLanguage":"pt-BR","publisher":{"@id":"https:\/\/info.fcf.usp.br\/#organization"}}]},"og:locale":"pt_BR","og:site_name":"FACULDADE DE CI\u00caNCIAS FARMAC\u00caUTICAS - USP - FACULDADE DE CI\u00caNCIAS FARMAC\u00caUTICAS - USP, Gradua\u00e7\u00e3o, p\u00f3s Gradua\u00e7\u00e3o, FCF","og:type":"article","og:title":"Inscri\u00e7\u00f5es Abertas \u2013 Elei\u00e7\u00e3o \u2013 Representante da Comunidade FCF junto ao N\u00facleo de Direitos Humanos - FACULDADE DE CI\u00caNCIAS FARMAC\u00caUTICAS - USP","og:description":"Prezados(as) Srs.(as), A pedido da Maria Claudia Perna \u2013 Chefe da Divis\u00e3o Acad\u00eamica, informamos que est\u00e3o abertas as inscri\u00e7\u00f5es para a elei\u00e7\u00e3o de 01 (um) representante da Comunidade FCF, pessoa preta, parda e\/ou ind\u00edgena (PPI), junto ao N\u00facleo de Direitos Humanos da Faculdade de Ci\u00eancias Farmac\u00eauticas da Universidade de S\u00e3o Paulo, em conformidade com a","og:url":"https:\/\/info.fcf.usp.br\/?p=13848","article:published_time":"2026-08-31T18:18:10+00:00","article:modified_time":"2026-08-31T18:18:12+00:00","twitter:card":"summary_large_image","twitter:title":"Inscri\u00e7\u00f5es Abertas \u2013 Elei\u00e7\u00e3o \u2013 Representante da Comunidade FCF junto ao N\u00facleo de Direitos Humanos - FACULDADE DE CI\u00caNCIAS FARMAC\u00caUTICAS - USP","twitter:description":"Prezados(as) Srs.(as), A pedido da Maria Claudia Perna \u2013 Chefe da Divis\u00e3o Acad\u00eamica, informamos que est\u00e3o abertas as inscri\u00e7\u00f5es para a elei\u00e7\u00e3o de 01 (um) representante da Comunidade FCF, pessoa preta, parda e\/ou ind\u00edgena (PPI), junto ao N\u00facleo de Direitos Humanos da Faculdade de Ci\u00eancias Farmac\u00eauticas da Universidade de S\u00e3o Paulo, em conformidade com a"},"aioseo_meta_data":{"post_id":"13848","title":null,"description":null,"keywords":null,"keyphrases":{"focus":{"keyphrase":"","score":0,"analysis":{"keyphraseInTitle":{"score":0,"maxScore":9,"error":1}}},"additional":[]},"primary_term":null,"canonical_url":null,"og_title":null,"og_description":null,"og_object_type":"default","og_image_type":"default","og_image_url":null,"og_image_width":null,"og_image_height":null,"og_image_custom_url":null,"og_image_custom_fields":null,"og_video":"","og_custom_url":null,"og_article_section":null,"og_article_tags":null,"twitter_use_og":false,"twitter_card":"default","twitter_image_type":"default","twitter_image_url":null,"twitter_image_custom_url":null,"twitter_image_custom_fields":null,"twitter_title":null,"twitter_description":null,"schema":{"blockGraphs":[],"customGraphs":[],"default":{"data":{"Article":[],"Course":[],"Dataset":[],"FAQPage":[],"Movie":[],"Person":[],"Product":[],"ProductReview":[],"Car":[],"Recipe":[],"Service":[],"SoftwareApplication":[],"WebPage":[]},"graphName":"BlogPosting","isEnabled":true},"graphs":[]},"schema_type":"default","schema_type_options":null,"pillar_content":false,"robots_default":true,"robots_noindex":false,"robots_noarchive":false,"robots_nosnippet":false,"robots_nofollow":false,"robots_noimageindex":false,"robots_noodp":false,"robots_notranslate":false,"robots_max_snippet":"-1","robots_max_videopreview":"-1","robots_max_imagepreview":"large","priority":null,"frequency":"default","local_seo":null,"breadcrumb_settings":null,"limit_modified_date":false,"ai":{"faqs":[],"keyPoints":[],"schemas":[],"titles":[],"descriptions":[],"socialPosts":{"email":{"subject":"","preview":"","content":""},"linkedin":[],"twitter":[],"facebook":[],"instagram":[]}},"created":"2026-08-31 18:18:12","updated":"2026-08-31 19:45:03","seo_analyzer_scan_date":null,"focus_keyword":null,"additional_keywords":null,"truseo_locale":null},"aioseo_breadcrumb":"<div class=\"aioseo-breadcrumbs\"><span class=\"aioseo-breadcrumb\">\n\t\t\t<a href=\"https:\/\/info.fcf.usp.br\" title=\"Home\">Home<\/a>\n\t\t<\/span><span class=\"aioseo-breadcrumb-separator\">&raquo;<\/span><span class=\"aioseo-breadcrumb\">\n\t\t\t<a href=\"https:\/\/info.fcf.usp.br\/?cat=8\" title=\"Elei\u00e7\u00f5es\">Elei\u00e7\u00f5es<\/a>\n\t\t<\/span><span class=\"aioseo-breadcrumb-separator\">&raquo;<\/span><span class=\"aioseo-breadcrumb\">\n\t\t\tInscri\u00e7\u00f5es Abertas \u2013 Elei\u00e7\u00e3o \u2013 Representante da Comunidade FCF junto ao N\u00facleo de Direitos Humanos\n\t\t<\/span><\/div>","aioseo_breadcrumb_json":[{"label":"Home","link":"https:\/\/info.fcf.usp.br"},{"label":"Elei\u00e7\u00f5es","link":"https:\/\/info.fcf.usp.br\/?cat=8"},{"label":"Inscri\u00e7\u00f5es Abertas &#8211; Elei\u00e7\u00e3o \u2013 Representante da Comunidade FCF junto ao N\u00facleo de Direitos Humanos","link":"https:\/\/info.fcf.usp.br\/?p=13848"}],"_links":{"self":[{"href":"https:\/\/info.fcf.usp.br\/index.php?rest_route=\/wp\/v2\/posts\/13848","targetHints":{"allow":["GET"]}}],"collection":[{"href":"https:\/\/info.fcf.usp.br\/index.php?rest_route=\/wp\/v2\/posts"}],"about":[{"href":"https:\/\/info.fcf.usp.br\/index.php?rest_route=\/wp\/v2\/types\/post"}],"author":[{"embeddable":true,"href":"https:\/\/info.fcf.usp.br\/index.php?rest_route=\/wp\/v2\/users\/24"}],"replies":[{"embeddable":true,"href":"https:\/\/info.fcf.usp.br\/index.php?rest_route=%2Fwp%2Fv2%2Fcomments&post=13848"}],"version-history":[{"count":1,"href":"https:\/\/info.fcf.usp.br\/index.php?rest_route=\/wp\/v2\/posts\/13848\/revisions"}],"predecessor-version":[{"id":13851,"href":"https:\/\/info.fcf.usp.br\/index.php?rest_route=\/wp\/v2\/posts\/13848\/revisions\/13851"}],"wp:attachment":[{"href":"https:\/\/info.fcf.usp.br\/index.php?rest_route=%2Fwp%2Fv2%2Fmedia&parent=13848"}],"wp:term":[{"taxonomy":"category","embeddable":true,"href":"https:\/\/info.fcf.usp.br\/index.php?rest_route=%2Fwp%2Fv2%2Fcategories&post=13848"},{"taxonomy":"post_tag","embeddable":true,"href":"https:\/\/info.fcf.usp.br\/index.php?rest_route=%2Fwp%2Fv2%2Ftags&post=13848"}],"curies":[{"name":"wp","href":"https:\/\/api.w.org\/{rel}","templated":true}]}}