{"id":13835,"date":"2026-08-31T15:01:13","date_gmt":"2026-08-31T18:01:13","guid":{"rendered":"https:\/\/info.fcf.usp.br\/?p=13835"},"modified":"2026-08-31T15:01:15","modified_gmt":"2026-08-31T18:01:15","slug":"eleicao-de-representantes-discentes-de-graduacao","status":"publish","type":"post","link":"https:\/\/info.fcf.usp.br\/?p=13835","title":{"rendered":"Elei\u00e7\u00e3o de Representantes Discentes de Gradua\u00e7\u00e3o"},"content":{"rendered":"\n<p class=\"wp-block-paragraph\">Prezados(as) Discentes,<\/p>\n\n\n\n<p class=\"wp-block-paragraph\">A pedido da&nbsp;<strong>Maria Claudia Perna \u2013 Chefe da Divis\u00e3o Acad\u00eamica<\/strong>, informamos que est\u00e3o abertas as inscri\u00e7\u00f5es para a elei\u00e7\u00e3o dos&nbsp;<strong>representantes discentes de Gradua\u00e7\u00e3o<\/strong>&nbsp;junto aos seguintes \u00f3rg\u00e3os colegiados da Faculdade de Ci\u00eancias Farmac\u00eauticas da Universidade de S\u00e3o Paulo, em conformidade com a&nbsp;<strong>Portaria FCF n\u00ba 1150, de 27 de agosto de 2026<\/strong>:<\/p>\n\n\n\n<ul class=\"wp-block-list\">\n<li><strong>Comiss\u00e3o de Gradua\u00e7\u00e3o<\/strong>\u00a0\u2013 01 representante discente e respectivo suplente;<\/li>\n\n\n\n<li><strong>Comiss\u00e3o de Pesquisa e Inova\u00e7\u00e3o<\/strong>\u00a0\u2013 01 representante discente e respectivo suplente;<\/li>\n\n\n\n<li><strong>Conselho do Departamento de An\u00e1lises Cl\u00ednicas e Toxicol\u00f3gicas (FBC)<\/strong>\u00a0\u2013 01 representante discente e respectivo suplente;<\/li>\n\n\n\n<li><strong>Conselho do Departamento de Tecnologia Bioqu\u00edmico-Farmac\u00eautica (FBT)<\/strong>\u00a0\u2013 01 representante discente e respectivo suplente.<\/li>\n<\/ul>\n\n\n\n<p class=\"wp-block-paragraph\">Poder\u00e3o votar e ser votados(as) os(as) alunos(as) regularmente matriculados(as) no curso de gradua\u00e7\u00e3o da Unidade.<\/p>\n\n\n\n<p class=\"wp-block-paragraph\">S\u00e3o eleg\u00edveis os(as) alunos(as) de gradua\u00e7\u00e3o regularmente matriculados(as) que tenham cursado pelo menos&nbsp;<strong>12 (doze) cr\u00e9ditos no conjunto dos dois semestres imediatamente anteriores<\/strong>. Para os(as) ingressantes, matriculados(as) no primeiro ou segundo semestre do curso de gradua\u00e7\u00e3o, esse requisito n\u00e3o ser\u00e1 exigido.<\/p>\n\n\n\n<p class=\"wp-block-paragraph\">O per\u00edodo de inscri\u00e7\u00f5es estar\u00e1 aberto a partir da data de publica\u00e7\u00e3o da referida Portaria at\u00e9 \u00e0s&nbsp;<strong>17h do dia 24 de setembro de 2026<\/strong>.<\/p>\n\n\n\n<p class=\"wp-block-paragraph\">As inscri\u00e7\u00f5es poder\u00e3o ser realizadas&nbsp;<strong>individualmente ou por chapa<\/strong>, mediante requerimento encaminhado ao e-mail&nbsp;<strong><a>eleicaofcf@usp.br<\/a><\/strong>, acompanhado de declara\u00e7\u00e3o que comprove que o(a) candidato(a) \u00e9 aluno(a) regularmente matriculado(a) no curso de gradua\u00e7\u00e3o da Unidade. A declara\u00e7\u00e3o dever\u00e1 ser expedida pelo&nbsp;<strong>Servi\u00e7o de Gradua\u00e7\u00e3o<\/strong>&nbsp;ou obtida pelo&nbsp;<strong>Sistema J\u00fapiter<\/strong>.<\/p>\n\n\n\n<p class=\"wp-block-paragraph\">A rela\u00e7\u00e3o das candidaturas deferidas ser\u00e1 divulgada na p\u00e1gina da FCF at\u00e9 \u00e0s&nbsp;<strong>16h do dia 25 de setembro de 2026<\/strong>.<\/p>\n\n\n\n<p class=\"wp-block-paragraph\">Recursos contra eventual indeferimento de inscri\u00e7\u00e3o poder\u00e3o ser encaminhados ao e-mail&nbsp;<strong><a>eleicaofcf@usp.br<\/a><\/strong>, at\u00e9 \u00e0s&nbsp;<strong>16h do dia 1\u00ba de outubro de 2026<\/strong>, sendo a decis\u00e3o divulgada na p\u00e1gina da Unidade at\u00e9 \u00e0s&nbsp;<strong>17h do dia 02 de outubro de 2026<\/strong>.<\/p>\n\n\n\n<p class=\"wp-block-paragraph\">A elei\u00e7\u00e3o ser\u00e1 realizada no dia&nbsp;<strong>08 de outubro de 2026, das 7h \u00e0s 17h<\/strong>, por meio de sistema eletr\u00f4nico de vota\u00e7\u00e3o e totaliza\u00e7\u00e3o de votos.<\/p>\n\n\n\n<p class=\"wp-block-paragraph\">As instru\u00e7\u00f5es para acesso ao sistema de vota\u00e7\u00e3o ser\u00e3o encaminhadas aos eleitores, em seus e-mails cadastrados na base de dados corporativa da USP, no dia&nbsp;<strong>07 de outubro de 2026<\/strong>, para que possam exercer o voto utilizando a senha \u00fanica.<\/p>\n\n\n\n<p class=\"wp-block-paragraph\">A totaliza\u00e7\u00e3o dos votos ser\u00e1 divulgada no dia&nbsp;<strong>09 de outubro de 2026, at\u00e9 \u00e0s 14h<\/strong>, na p\u00e1gina da Unidade.<\/p>\n\n\n\n<p class=\"wp-block-paragraph\">Informa\u00e7\u00f5es adicionais poder\u00e3o ser consultadas na&nbsp;<strong>Portaria FCF n\u00ba 1150\/2026<\/strong>, encaminhada em anexo.<\/p>\n\n\n\n<p class=\"wp-block-paragraph\"><strong>ANEXOS:<\/strong><\/p>\n\n\n\n<p class=\"wp-block-paragraph\"><a href=\"https:\/\/info.fcf.usp.br\/wp-content\/uploads\/2026\/08\/Publicacao-no-DOE-28.08.26-PORT-FCF-1150-2026-Eleicao-de-Representantes-Discentes-de-Grad.-em-Colegiados-FCF-27.08-Assinada.pdf\" title=\"PORTARIA FCF No 1150, DE 27 DE AGOSTO DE 2026.\">PORTARIA FCF No 1150, DE 27 DE AGOSTO DE 2026.<\/a><\/p>\n\n\n\n<p class=\"wp-block-paragraph\"><a href=\"https:\/\/info.fcf.usp.br\/wp-content\/uploads\/2026\/08\/Requerimento_Inscricao_Discente_Graduacao_Portaria_FCF_1150_2026.docx\">REQUERIMENTO DE INSCRI\u00c7\u00c3O Elei\u00e7\u00e3o de Representantes Discentes de Gradua\u00e7\u00e3o<\/a><\/p>\n\n\n\n<p class=\"wp-block-paragraph\"><\/p>\n","protected":false},"excerpt":{"rendered":"<p>Prezados(as) Discentes, A pedido da&nbsp;Maria Claudia Perna \u2013 Chefe da Divis\u00e3o Acad\u00eamica, informamos que est\u00e3o&#8230;<\/p>\n","protected":false},"author":24,"featured_media":0,"comment_status":"closed","ping_status":"open","sticky":false,"template":"","format":"standard","meta":{"om_disable_all_campaigns":false,"_monsterinsights_skip_tracking":false,"_uf_show_specific_survey":0,"_uf_disable_surveys":false,"footnotes":""},"categories":[145,8,26,24],"tags":[],"class_list":["post-13835","post","type-post","status-publish","format-standard","hentry","category-colegiados","category-eleicoes","category-graduacao","category-institucional"],"aioseo_notices":[],"aioseo_head":"\n\t\t<!-- All in One SEO 5.0.1.1 - aioseo.com -->\n\t<meta name=\"description\" content=\"Prezados(as) Discentes, A pedido da Maria Claudia Perna \u2013 Chefe da Divis\u00e3o Acad\u00eamica, informamos que est\u00e3o abertas as inscri\u00e7\u00f5es para a elei\u00e7\u00e3o dos representantes discentes de Gradua\u00e7\u00e3o junto aos seguintes \u00f3rg\u00e3os colegiados da Faculdade de Ci\u00eancias Farmac\u00eauticas da Universidade de S\u00e3o Paulo, em conformidade com a Portaria FCF n\u00ba 1150, de 27 de agosto de 2026: Comiss\u00e3o de Gradua\u00e7\u00e3o \u2013\" \/>\n\t<meta name=\"robots\" content=\"max-image-preview:large\" \/>\n\t<meta name=\"author\" content=\"Eudes Colodino\"\/>\n\t<link rel=\"canonical\" href=\"https:\/\/info.fcf.usp.br\/?p=13835\" \/>\n\t<meta name=\"generator\" content=\"All in One SEO (AIOSEO) 5.0.1.1\" \/>\n\t\t<meta property=\"og:locale\" content=\"pt_BR\" \/>\n\t\t<meta property=\"og:site_name\" content=\"FACULDADE DE CI\u00caNCIAS FARMAC\u00caUTICAS - USP - FACULDADE DE CI\u00caNCIAS FARMAC\u00caUTICAS - USP, Gradua\u00e7\u00e3o, p\u00f3s Gradua\u00e7\u00e3o, FCF\" \/>\n\t\t<meta property=\"og:type\" content=\"article\" \/>\n\t\t<meta property=\"og:title\" content=\"Elei\u00e7\u00e3o de Representantes Discentes de Gradua\u00e7\u00e3o - FACULDADE DE CI\u00caNCIAS FARMAC\u00caUTICAS - USP\" \/>\n\t\t<meta property=\"og:description\" content=\"Prezados(as) Discentes, A pedido da Maria Claudia Perna \u2013 Chefe da Divis\u00e3o Acad\u00eamica, informamos que est\u00e3o abertas as inscri\u00e7\u00f5es para a elei\u00e7\u00e3o dos representantes discentes de Gradua\u00e7\u00e3o junto aos seguintes \u00f3rg\u00e3os colegiados da Faculdade de Ci\u00eancias Farmac\u00eauticas da Universidade de S\u00e3o Paulo, em conformidade com a Portaria FCF n\u00ba 1150, de 27 de agosto de 2026: Comiss\u00e3o de Gradua\u00e7\u00e3o \u2013\" \/>\n\t\t<meta property=\"og:url\" content=\"https:\/\/info.fcf.usp.br\/?p=13835\" \/>\n\t\t<meta property=\"article:published_time\" content=\"2026-08-31T18:01:13+00:00\" \/>\n\t\t<meta property=\"article:modified_time\" content=\"2026-08-31T18:01:15+00:00\" \/>\n\t\t<meta name=\"twitter:card\" content=\"summary_large_image\" \/>\n\t\t<meta name=\"twitter:title\" content=\"Elei\u00e7\u00e3o de Representantes Discentes de Gradua\u00e7\u00e3o - FACULDADE DE CI\u00caNCIAS FARMAC\u00caUTICAS - USP\" \/>\n\t\t<meta name=\"twitter:description\" content=\"Prezados(as) Discentes, A pedido da Maria Claudia Perna \u2013 Chefe da Divis\u00e3o Acad\u00eamica, informamos que est\u00e3o abertas as inscri\u00e7\u00f5es para a elei\u00e7\u00e3o dos representantes discentes de Gradua\u00e7\u00e3o junto aos seguintes \u00f3rg\u00e3os colegiados da Faculdade de Ci\u00eancias Farmac\u00eauticas da Universidade de S\u00e3o Paulo, em conformidade com a Portaria FCF n\u00ba 1150, de 27 de agosto de 2026: Comiss\u00e3o de Gradua\u00e7\u00e3o \u2013\" \/>\n\t\t<script type=\"application\/ld+json\" class=\"aioseo-schema\">\n\t\t\t{\"@context\":\"https:\\\/\\\/schema.org\",\"@graph\":[{\"@type\":\"BlogPosting\",\"@id\":\"https:\\\/\\\/info.fcf.usp.br\\\/?p=13835#blogposting\",\"name\":\"Elei\\u00e7\\u00e3o de Representantes Discentes de Gradua\\u00e7\\u00e3o - FACULDADE DE CI\\u00caNCIAS FARMAC\\u00caUTICAS - USP\",\"headline\":\"Elei\\u00e7\\u00e3o de Representantes Discentes de Gradua\\u00e7\\u00e3o\",\"author\":{\"@id\":\"https:\\\/\\\/info.fcf.usp.br\\\/?author=24#author\"},\"publisher\":{\"@id\":\"https:\\\/\\\/info.fcf.usp.br\\\/#organization\"},\"datePublished\":\"2026-08-31T15:01:13-03:00\",\"dateModified\":\"2026-08-31T15:01:15-03:00\",\"inLanguage\":\"pt-BR\",\"mainEntityOfPage\":{\"@id\":\"https:\\\/\\\/info.fcf.usp.br\\\/?p=13835#webpage\"},\"isPartOf\":{\"@id\":\"https:\\\/\\\/info.fcf.usp.br\\\/?p=13835#webpage\"},\"articleSection\":\"colegiados, Elei\\u00e7\\u00f5es, Gradua\\u00e7\\u00e3o, Institucional\"},{\"@type\":\"BreadcrumbList\",\"@id\":\"https:\\\/\\\/info.fcf.usp.br\\\/?p=13835#breadcrumblist\",\"itemListElement\":[{\"@type\":\"ListItem\",\"@id\":\"https:\\\/\\\/info.fcf.usp.br#listItem\",\"position\":1,\"name\":\"Home\",\"item\":\"https:\\\/\\\/info.fcf.usp.br\",\"nextItem\":{\"@type\":\"ListItem\",\"@id\":\"https:\\\/\\\/info.fcf.usp.br\\\/?cat=8#listItem\",\"name\":\"Elei\\u00e7\\u00f5es\"}},{\"@type\":\"ListItem\",\"@id\":\"https:\\\/\\\/info.fcf.usp.br\\\/?cat=8#listItem\",\"position\":2,\"name\":\"Elei\\u00e7\\u00f5es\",\"item\":\"https:\\\/\\\/info.fcf.usp.br\\\/?cat=8\",\"nextItem\":{\"@type\":\"ListItem\",\"@id\":\"https:\\\/\\\/info.fcf.usp.br\\\/?p=13835#listItem\",\"name\":\"Elei\\u00e7\\u00e3o de Representantes Discentes de Gradua\\u00e7\\u00e3o\"},\"previousItem\":{\"@type\":\"ListItem\",\"@id\":\"https:\\\/\\\/info.fcf.usp.br#listItem\",\"name\":\"Home\"}},{\"@type\":\"ListItem\",\"@id\":\"https:\\\/\\\/info.fcf.usp.br\\\/?p=13835#listItem\",\"position\":3,\"name\":\"Elei\\u00e7\\u00e3o de Representantes Discentes de Gradua\\u00e7\\u00e3o\",\"previousItem\":{\"@type\":\"ListItem\",\"@id\":\"https:\\\/\\\/info.fcf.usp.br\\\/?cat=8#listItem\",\"name\":\"Elei\\u00e7\\u00f5es\"}}]},{\"@type\":\"Organization\",\"@id\":\"https:\\\/\\\/info.fcf.usp.br\\\/#organization\",\"name\":\"FACULDADE DE CI\\u00caNCIAS FARMAC\\u00caUTICAS - USP\",\"description\":\"FACULDADE DE CI\\u00caNCIAS FARMAC\\u00caUTICAS - USP, Gradua\\u00e7\\u00e3o, p\\u00f3s Gradua\\u00e7\\u00e3o, FCF\",\"url\":\"https:\\\/\\\/info.fcf.usp.br\\\/\"},{\"@type\":\"Person\",\"@id\":\"https:\\\/\\\/info.fcf.usp.br\\\/?author=24#author\",\"url\":\"https:\\\/\\\/info.fcf.usp.br\\\/?author=24\",\"name\":\"Eudes Colodino\",\"image\":{\"@type\":\"ImageObject\",\"@id\":\"https:\\\/\\\/info.fcf.usp.br\\\/?p=13835#authorImage\",\"url\":\"https:\\\/\\\/secure.gravatar.com\\\/avatar\\\/1ffabeb43c10bc03f142c71e404376c3ad83f1b17041ba9d0df731636cc8a0a0?s=96&d=mm&r=g\",\"width\":96,\"height\":96,\"caption\":\"Eudes Colodino\"}},{\"@type\":\"WebPage\",\"@id\":\"https:\\\/\\\/info.fcf.usp.br\\\/?p=13835#webpage\",\"url\":\"https:\\\/\\\/info.fcf.usp.br\\\/?p=13835\",\"name\":\"Elei\\u00e7\\u00e3o de Representantes Discentes de Gradua\\u00e7\\u00e3o - FACULDADE DE CI\\u00caNCIAS FARMAC\\u00caUTICAS - USP\",\"description\":\"Prezados(as) Discentes, A pedido da Maria Claudia Perna \\u2013 Chefe da Divis\\u00e3o Acad\\u00eamica, informamos que est\\u00e3o abertas as inscri\\u00e7\\u00f5es para a elei\\u00e7\\u00e3o dos representantes discentes de Gradua\\u00e7\\u00e3o junto aos seguintes \\u00f3rg\\u00e3os colegiados da Faculdade de Ci\\u00eancias Farmac\\u00eauticas da Universidade de S\\u00e3o Paulo, em conformidade com a Portaria FCF n\\u00ba 1150, de 27 de agosto de 2026: Comiss\\u00e3o de Gradua\\u00e7\\u00e3o \\u2013\",\"inLanguage\":\"pt-BR\",\"isPartOf\":{\"@id\":\"https:\\\/\\\/info.fcf.usp.br\\\/#website\"},\"breadcrumb\":{\"@id\":\"https:\\\/\\\/info.fcf.usp.br\\\/?p=13835#breadcrumblist\"},\"author\":{\"@id\":\"https:\\\/\\\/info.fcf.usp.br\\\/?author=24#author\"},\"creator\":{\"@id\":\"https:\\\/\\\/info.fcf.usp.br\\\/?author=24#author\"},\"datePublished\":\"2026-08-31T15:01:13-03:00\",\"dateModified\":\"2026-08-31T15:01:15-03:00\"},{\"@type\":\"WebSite\",\"@id\":\"https:\\\/\\\/info.fcf.usp.br\\\/#website\",\"url\":\"https:\\\/\\\/info.fcf.usp.br\\\/\",\"name\":\"FACULDADE DE CI\\u00caNCIAS FARMAC\\u00caUTICAS - USP\",\"description\":\"FACULDADE DE CI\\u00caNCIAS FARMAC\\u00caUTICAS - USP, Gradua\\u00e7\\u00e3o, p\\u00f3s Gradua\\u00e7\\u00e3o, FCF\",\"inLanguage\":\"pt-BR\",\"publisher\":{\"@id\":\"https:\\\/\\\/info.fcf.usp.br\\\/#organization\"}}]}\n\t\t<\/script>\n\t\t<!-- All in One SEO -->\n\n","aioseo_head_json":{"title":"Elei\u00e7\u00e3o de Representantes Discentes de Gradua\u00e7\u00e3o - FACULDADE DE CI\u00caNCIAS FARMAC\u00caUTICAS - USP","description":"Prezados(as) Discentes, A pedido da Maria Claudia Perna \u2013 Chefe da Divis\u00e3o Acad\u00eamica, informamos que est\u00e3o abertas as inscri\u00e7\u00f5es para a elei\u00e7\u00e3o dos representantes discentes de Gradua\u00e7\u00e3o junto aos seguintes \u00f3rg\u00e3os colegiados da Faculdade de Ci\u00eancias Farmac\u00eauticas da Universidade de S\u00e3o Paulo, em conformidade com a Portaria FCF n\u00ba 1150, de 27 de agosto de 2026: Comiss\u00e3o de Gradua\u00e7\u00e3o \u2013","canonical_url":"https:\/\/info.fcf.usp.br\/?p=13835","robots":"max-image-preview:large","keywords":"","webmasterTools":{"miscellaneous":""},"schema":{"@context":"https:\/\/schema.org","@graph":[{"@type":"BlogPosting","@id":"https:\/\/info.fcf.usp.br\/?p=13835#blogposting","name":"Elei\u00e7\u00e3o de Representantes Discentes de Gradua\u00e7\u00e3o - FACULDADE DE CI\u00caNCIAS FARMAC\u00caUTICAS - USP","headline":"Elei\u00e7\u00e3o de Representantes Discentes de Gradua\u00e7\u00e3o","author":{"@id":"https:\/\/info.fcf.usp.br\/?author=24#author"},"publisher":{"@id":"https:\/\/info.fcf.usp.br\/#organization"},"datePublished":"2026-08-31T15:01:13-03:00","dateModified":"2026-08-31T15:01:15-03:00","inLanguage":"pt-BR","mainEntityOfPage":{"@id":"https:\/\/info.fcf.usp.br\/?p=13835#webpage"},"isPartOf":{"@id":"https:\/\/info.fcf.usp.br\/?p=13835#webpage"},"articleSection":"colegiados, Elei\u00e7\u00f5es, Gradua\u00e7\u00e3o, Institucional"},{"@type":"BreadcrumbList","@id":"https:\/\/info.fcf.usp.br\/?p=13835#breadcrumblist","itemListElement":[{"@type":"ListItem","@id":"https:\/\/info.fcf.usp.br#listItem","position":1,"name":"Home","item":"https:\/\/info.fcf.usp.br","nextItem":{"@type":"ListItem","@id":"https:\/\/info.fcf.usp.br\/?cat=8#listItem","name":"Elei\u00e7\u00f5es"}},{"@type":"ListItem","@id":"https:\/\/info.fcf.usp.br\/?cat=8#listItem","position":2,"name":"Elei\u00e7\u00f5es","item":"https:\/\/info.fcf.usp.br\/?cat=8","nextItem":{"@type":"ListItem","@id":"https:\/\/info.fcf.usp.br\/?p=13835#listItem","name":"Elei\u00e7\u00e3o de Representantes Discentes de Gradua\u00e7\u00e3o"},"previousItem":{"@type":"ListItem","@id":"https:\/\/info.fcf.usp.br#listItem","name":"Home"}},{"@type":"ListItem","@id":"https:\/\/info.fcf.usp.br\/?p=13835#listItem","position":3,"name":"Elei\u00e7\u00e3o de Representantes Discentes de Gradua\u00e7\u00e3o","previousItem":{"@type":"ListItem","@id":"https:\/\/info.fcf.usp.br\/?cat=8#listItem","name":"Elei\u00e7\u00f5es"}}]},{"@type":"Organization","@id":"https:\/\/info.fcf.usp.br\/#organization","name":"FACULDADE DE CI\u00caNCIAS FARMAC\u00caUTICAS - USP","description":"FACULDADE DE CI\u00caNCIAS FARMAC\u00caUTICAS - USP, Gradua\u00e7\u00e3o, p\u00f3s Gradua\u00e7\u00e3o, FCF","url":"https:\/\/info.fcf.usp.br\/"},{"@type":"Person","@id":"https:\/\/info.fcf.usp.br\/?author=24#author","url":"https:\/\/info.fcf.usp.br\/?author=24","name":"Eudes Colodino","image":{"@type":"ImageObject","@id":"https:\/\/info.fcf.usp.br\/?p=13835#authorImage","url":"https:\/\/secure.gravatar.com\/avatar\/1ffabeb43c10bc03f142c71e404376c3ad83f1b17041ba9d0df731636cc8a0a0?s=96&d=mm&r=g","width":96,"height":96,"caption":"Eudes Colodino"}},{"@type":"WebPage","@id":"https:\/\/info.fcf.usp.br\/?p=13835#webpage","url":"https:\/\/info.fcf.usp.br\/?p=13835","name":"Elei\u00e7\u00e3o de Representantes Discentes de Gradua\u00e7\u00e3o - FACULDADE DE CI\u00caNCIAS FARMAC\u00caUTICAS - USP","description":"Prezados(as) Discentes, A pedido da Maria Claudia Perna \u2013 Chefe da Divis\u00e3o Acad\u00eamica, informamos que est\u00e3o abertas as inscri\u00e7\u00f5es para a elei\u00e7\u00e3o dos representantes discentes de Gradua\u00e7\u00e3o junto aos seguintes \u00f3rg\u00e3os colegiados da Faculdade de Ci\u00eancias Farmac\u00eauticas da Universidade de S\u00e3o Paulo, em conformidade com a Portaria FCF n\u00ba 1150, de 27 de agosto de 2026: Comiss\u00e3o de Gradua\u00e7\u00e3o \u2013","inLanguage":"pt-BR","isPartOf":{"@id":"https:\/\/info.fcf.usp.br\/#website"},"breadcrumb":{"@id":"https:\/\/info.fcf.usp.br\/?p=13835#breadcrumblist"},"author":{"@id":"https:\/\/info.fcf.usp.br\/?author=24#author"},"creator":{"@id":"https:\/\/info.fcf.usp.br\/?author=24#author"},"datePublished":"2026-08-31T15:01:13-03:00","dateModified":"2026-08-31T15:01:15-03:00"},{"@type":"WebSite","@id":"https:\/\/info.fcf.usp.br\/#website","url":"https:\/\/info.fcf.usp.br\/","name":"FACULDADE DE CI\u00caNCIAS FARMAC\u00caUTICAS - USP","description":"FACULDADE DE CI\u00caNCIAS FARMAC\u00caUTICAS - USP, Gradua\u00e7\u00e3o, p\u00f3s Gradua\u00e7\u00e3o, FCF","inLanguage":"pt-BR","publisher":{"@id":"https:\/\/info.fcf.usp.br\/#organization"}}]},"og:locale":"pt_BR","og:site_name":"FACULDADE DE CI\u00caNCIAS FARMAC\u00caUTICAS - USP - FACULDADE DE CI\u00caNCIAS FARMAC\u00caUTICAS - USP, Gradua\u00e7\u00e3o, p\u00f3s Gradua\u00e7\u00e3o, FCF","og:type":"article","og:title":"Elei\u00e7\u00e3o de Representantes Discentes de Gradua\u00e7\u00e3o - FACULDADE DE CI\u00caNCIAS FARMAC\u00caUTICAS - USP","og:description":"Prezados(as) Discentes, A pedido da Maria Claudia Perna \u2013 Chefe da Divis\u00e3o Acad\u00eamica, informamos que est\u00e3o abertas as inscri\u00e7\u00f5es para a elei\u00e7\u00e3o dos representantes discentes de Gradua\u00e7\u00e3o junto aos seguintes \u00f3rg\u00e3os colegiados da Faculdade de Ci\u00eancias Farmac\u00eauticas da Universidade de S\u00e3o Paulo, em conformidade com a Portaria FCF n\u00ba 1150, de 27 de agosto de 2026: Comiss\u00e3o de Gradua\u00e7\u00e3o \u2013","og:url":"https:\/\/info.fcf.usp.br\/?p=13835","article:published_time":"2026-08-31T18:01:13+00:00","article:modified_time":"2026-08-31T18:01:15+00:00","twitter:card":"summary_large_image","twitter:title":"Elei\u00e7\u00e3o de Representantes Discentes de Gradua\u00e7\u00e3o - FACULDADE DE CI\u00caNCIAS FARMAC\u00caUTICAS - USP","twitter:description":"Prezados(as) Discentes, A pedido da Maria Claudia Perna \u2013 Chefe da Divis\u00e3o Acad\u00eamica, informamos que est\u00e3o abertas as inscri\u00e7\u00f5es para a elei\u00e7\u00e3o dos representantes discentes de Gradua\u00e7\u00e3o junto aos seguintes \u00f3rg\u00e3os colegiados da Faculdade de Ci\u00eancias Farmac\u00eauticas da Universidade de S\u00e3o Paulo, em conformidade com a Portaria FCF n\u00ba 1150, de 27 de agosto de 2026: Comiss\u00e3o de Gradua\u00e7\u00e3o \u2013"},"aioseo_meta_data":{"post_id":"13835","title":null,"description":null,"keywords":null,"keyphrases":{"focus":{"keyphrase":"","score":0,"analysis":{"keyphraseInTitle":{"score":0,"maxScore":9,"error":1}}},"additional":[]},"primary_term":null,"canonical_url":null,"og_title":null,"og_description":null,"og_object_type":"default","og_image_type":"default","og_image_url":null,"og_image_width":null,"og_image_height":null,"og_image_custom_url":null,"og_image_custom_fields":null,"og_video":"","og_custom_url":null,"og_article_section":null,"og_article_tags":null,"twitter_use_og":false,"twitter_card":"default","twitter_image_type":"default","twitter_image_url":null,"twitter_image_custom_url":null,"twitter_image_custom_fields":null,"twitter_title":null,"twitter_description":null,"schema":{"blockGraphs":[],"customGraphs":[],"default":{"data":{"Article":[],"Course":[],"Dataset":[],"FAQPage":[],"Movie":[],"Person":[],"Product":[],"ProductReview":[],"Car":[],"Recipe":[],"Service":[],"SoftwareApplication":[],"WebPage":[]},"graphName":"BlogPosting","isEnabled":true},"graphs":[]},"schema_type":"default","schema_type_options":null,"pillar_content":false,"robots_default":true,"robots_noindex":false,"robots_noarchive":false,"robots_nosnippet":false,"robots_nofollow":false,"robots_noimageindex":false,"robots_noodp":false,"robots_notranslate":false,"robots_max_snippet":"-1","robots_max_videopreview":"-1","robots_max_imagepreview":"large","priority":null,"frequency":"default","local_seo":null,"breadcrumb_settings":null,"limit_modified_date":false,"ai":{"faqs":[],"keyPoints":[],"schemas":[],"titles":[],"descriptions":[],"socialPosts":{"email":{"subject":"","preview":"","content":""},"linkedin":[],"twitter":[],"facebook":[],"instagram":[]}},"created":"2026-08-31 18:01:15","updated":"2026-08-31 19:43:40","seo_analyzer_scan_date":null,"focus_keyword":null,"additional_keywords":null,"truseo_locale":null},"aioseo_breadcrumb":"<div class=\"aioseo-breadcrumbs\"><span class=\"aioseo-breadcrumb\">\n\t\t\t<a href=\"https:\/\/info.fcf.usp.br\" title=\"Home\">Home<\/a>\n\t\t<\/span><span class=\"aioseo-breadcrumb-separator\">&raquo;<\/span><span class=\"aioseo-breadcrumb\">\n\t\t\t<a href=\"https:\/\/info.fcf.usp.br\/?cat=8\" title=\"Elei\u00e7\u00f5es\">Elei\u00e7\u00f5es<\/a>\n\t\t<\/span><span class=\"aioseo-breadcrumb-separator\">&raquo;<\/span><span class=\"aioseo-breadcrumb\">\n\t\t\tElei\u00e7\u00e3o de Representantes Discentes de Gradua\u00e7\u00e3o\n\t\t<\/span><\/div>","aioseo_breadcrumb_json":[{"label":"Home","link":"https:\/\/info.fcf.usp.br"},{"label":"Elei\u00e7\u00f5es","link":"https:\/\/info.fcf.usp.br\/?cat=8"},{"label":"Elei\u00e7\u00e3o de Representantes Discentes de Gradua\u00e7\u00e3o","link":"https:\/\/info.fcf.usp.br\/?p=13835"}],"_links":{"self":[{"href":"https:\/\/info.fcf.usp.br\/index.php?rest_route=\/wp\/v2\/posts\/13835","targetHints":{"allow":["GET"]}}],"collection":[{"href":"https:\/\/info.fcf.usp.br\/index.php?rest_route=\/wp\/v2\/posts"}],"about":[{"href":"https:\/\/info.fcf.usp.br\/index.php?rest_route=\/wp\/v2\/types\/post"}],"author":[{"embeddable":true,"href":"https:\/\/info.fcf.usp.br\/index.php?rest_route=\/wp\/v2\/users\/24"}],"replies":[{"embeddable":true,"href":"https:\/\/info.fcf.usp.br\/index.php?rest_route=%2Fwp%2Fv2%2Fcomments&post=13835"}],"version-history":[{"count":1,"href":"https:\/\/info.fcf.usp.br\/index.php?rest_route=\/wp\/v2\/posts\/13835\/revisions"}],"predecessor-version":[{"id":13838,"href":"https:\/\/info.fcf.usp.br\/index.php?rest_route=\/wp\/v2\/posts\/13835\/revisions\/13838"}],"wp:attachment":[{"href":"https:\/\/info.fcf.usp.br\/index.php?rest_route=%2Fwp%2Fv2%2Fmedia&parent=13835"}],"wp:term":[{"taxonomy":"category","embeddable":true,"href":"https:\/\/info.fcf.usp.br\/index.php?rest_route=%2Fwp%2Fv2%2Fcategories&post=13835"},{"taxonomy":"post_tag","embeddable":true,"href":"https:\/\/info.fcf.usp.br\/index.php?rest_route=%2Fwp%2Fv2%2Ftags&post=13835"}],"curies":[{"name":"wp","href":"https:\/\/api.w.org\/{rel}","templated":true}]}}