{"id":13760,"date":"2026-08-26T17:48:57","date_gmt":"2026-08-26T20:48:57","guid":{"rendered":"https:\/\/info.fcf.usp.br\/?p=13760"},"modified":"2026-08-26T17:50:29","modified_gmt":"2026-08-26T20:50:29","slug":"resultado-da-eleicao-representacao-dos-servidores-tecnico-administrativos-junto-a-congregacao","status":"publish","type":"post","link":"https:\/\/info.fcf.usp.br\/?p=13760","title":{"rendered":"Resultado da elei\u00e7\u00e3o \u2013 Representa\u00e7\u00e3o dos Servidores T\u00e9cnico-Administrativos junto \u00e0 Congrega\u00e7\u00e3o"},"content":{"rendered":"\n<p class=\"wp-block-paragraph\">Prezados(as) Senhores(as),<\/p>\n\n\n\n<p class=\"wp-block-paragraph\">A pedido da Maria Claudia Perna &#8211; Chefe da Divis\u00e3o Acad\u00eamica informamos o resultado da elei\u00e7\u00e3o para escolha da representa\u00e7\u00e3o dos servidores t\u00e9cnico-administrativos junto \u00e0 Congrega\u00e7\u00e3o da Faculdade de Ci\u00eancias Farmac\u00eauticas da Universidade de S\u00e3o Paulo, realizada em&nbsp;<strong>25 de agosto de 2026<\/strong>, nos termos da Portaria FCF n\u00ba 1130, de 29 de junho de 2026.<\/p>\n\n\n\n<p class=\"wp-block-paragraph\">Foram eleitos:<\/p>\n\n\n\n<p class=\"wp-block-paragraph\"><strong>Titular:<\/strong>&nbsp;Rosa Maria Cerdeira Barros<br><strong>Suplente:<\/strong>&nbsp;Marcos Camargo Knirsch<\/p>\n\n\n\n<p class=\"wp-block-paragraph\"><strong><a href=\"https:\/\/info.fcf.usp.br\/wp-content\/uploads\/2026\/08\/Resultado_da_Eleicao_-_25.08.26.pdf\" title=\"\">ANEXO<\/a><\/strong><\/p>\n\n\n\n<p class=\"wp-block-paragraph\"><\/p>\n","protected":false},"excerpt":{"rendered":"<p>Prezados(as) Senhores(as), A pedido da Maria Claudia Perna &#8211; Chefe da Divis\u00e3o Acad\u00eamica informamos o&#8230;<\/p>\n","protected":false},"author":24,"featured_media":0,"comment_status":"closed","ping_status":"open","sticky":false,"template":"","format":"standard","meta":{"om_disable_all_campaigns":false,"_monsterinsights_skip_tracking":false,"_uf_show_specific_survey":0,"_uf_disable_surveys":false,"footnotes":""},"categories":[8,24],"tags":[],"class_list":["post-13760","post","type-post","status-publish","format-standard","hentry","category-eleicoes","category-institucional"],"aioseo_notices":[],"aioseo_head":"\n\t\t<!-- All in One SEO 5.0.1.1 - aioseo.com -->\n\t<meta name=\"description\" content=\"Prezados(as) Senhores(as), A pedido da Maria Claudia Perna - Chefe da Divis\u00e3o Acad\u00eamica informamos o resultado da elei\u00e7\u00e3o para escolha da representa\u00e7\u00e3o dos servidores t\u00e9cnico-administrativos junto \u00e0 Congrega\u00e7\u00e3o da Faculdade de Ci\u00eancias Farmac\u00eauticas da Universidade de S\u00e3o Paulo, realizada em 25 de agosto de 2026, nos termos da Portaria FCF n\u00ba 1130, de 29 de junho\" \/>\n\t<meta name=\"robots\" content=\"max-image-preview:large\" \/>\n\t<meta name=\"author\" content=\"Eudes Colodino\"\/>\n\t<link rel=\"canonical\" href=\"https:\/\/info.fcf.usp.br\/?p=13760\" \/>\n\t<meta name=\"generator\" content=\"All in One SEO (AIOSEO) 5.0.1.1\" \/>\n\t\t<meta property=\"og:locale\" content=\"pt_BR\" \/>\n\t\t<meta property=\"og:site_name\" content=\"FACULDADE DE CI\u00caNCIAS FARMAC\u00caUTICAS - USP - FACULDADE DE CI\u00caNCIAS FARMAC\u00caUTICAS - USP, Gradua\u00e7\u00e3o, p\u00f3s Gradua\u00e7\u00e3o, FCF\" \/>\n\t\t<meta property=\"og:type\" content=\"article\" \/>\n\t\t<meta property=\"og:title\" content=\"Resultado da elei\u00e7\u00e3o \u2013 Representa\u00e7\u00e3o dos Servidores T\u00e9cnico-Administrativos junto \u00e0 Congrega\u00e7\u00e3o - FACULDADE DE CI\u00caNCIAS FARMAC\u00caUTICAS - USP\" \/>\n\t\t<meta property=\"og:description\" content=\"Prezados(as) Senhores(as), A pedido da Maria Claudia Perna - Chefe da Divis\u00e3o Acad\u00eamica informamos o resultado da elei\u00e7\u00e3o para escolha da representa\u00e7\u00e3o dos servidores t\u00e9cnico-administrativos junto \u00e0 Congrega\u00e7\u00e3o da Faculdade de Ci\u00eancias Farmac\u00eauticas da Universidade de S\u00e3o Paulo, realizada em 25 de agosto de 2026, nos termos da Portaria FCF n\u00ba 1130, de 29 de junho\" \/>\n\t\t<meta property=\"og:url\" content=\"https:\/\/info.fcf.usp.br\/?p=13760\" \/>\n\t\t<meta property=\"article:published_time\" content=\"2026-08-26T20:48:57+00:00\" \/>\n\t\t<meta property=\"article:modified_time\" content=\"2026-08-26T20:50:29+00:00\" \/>\n\t\t<meta name=\"twitter:card\" content=\"summary_large_image\" \/>\n\t\t<meta name=\"twitter:title\" content=\"Resultado da elei\u00e7\u00e3o \u2013 Representa\u00e7\u00e3o dos Servidores T\u00e9cnico-Administrativos junto \u00e0 Congrega\u00e7\u00e3o - FACULDADE DE CI\u00caNCIAS FARMAC\u00caUTICAS - USP\" \/>\n\t\t<meta name=\"twitter:description\" content=\"Prezados(as) Senhores(as), A pedido da Maria Claudia Perna - Chefe da Divis\u00e3o Acad\u00eamica informamos o resultado da elei\u00e7\u00e3o para escolha da representa\u00e7\u00e3o dos servidores t\u00e9cnico-administrativos junto \u00e0 Congrega\u00e7\u00e3o da Faculdade de Ci\u00eancias Farmac\u00eauticas da Universidade de S\u00e3o Paulo, realizada em 25 de agosto de 2026, nos termos da Portaria FCF n\u00ba 1130, de 29 de junho\" \/>\n\t\t<script type=\"application\/ld+json\" class=\"aioseo-schema\">\n\t\t\t{\"@context\":\"https:\\\/\\\/schema.org\",\"@graph\":[{\"@type\":\"BlogPosting\",\"@id\":\"https:\\\/\\\/info.fcf.usp.br\\\/?p=13760#blogposting\",\"name\":\"Resultado da elei\\u00e7\\u00e3o \\u2013 Representa\\u00e7\\u00e3o dos Servidores T\\u00e9cnico-Administrativos junto \\u00e0 Congrega\\u00e7\\u00e3o - FACULDADE DE CI\\u00caNCIAS FARMAC\\u00caUTICAS - USP\",\"headline\":\"Resultado da elei\\u00e7\\u00e3o \\u2013 Representa\\u00e7\\u00e3o dos Servidores T\\u00e9cnico-Administrativos junto \\u00e0 Congrega\\u00e7\\u00e3o\",\"author\":{\"@id\":\"https:\\\/\\\/info.fcf.usp.br\\\/?author=24#author\"},\"publisher\":{\"@id\":\"https:\\\/\\\/info.fcf.usp.br\\\/#organization\"},\"datePublished\":\"2026-08-26T17:48:57-03:00\",\"dateModified\":\"2026-08-26T17:50:29-03:00\",\"inLanguage\":\"pt-BR\",\"mainEntityOfPage\":{\"@id\":\"https:\\\/\\\/info.fcf.usp.br\\\/?p=13760#webpage\"},\"isPartOf\":{\"@id\":\"https:\\\/\\\/info.fcf.usp.br\\\/?p=13760#webpage\"},\"articleSection\":\"Elei\\u00e7\\u00f5es, Institucional\"},{\"@type\":\"BreadcrumbList\",\"@id\":\"https:\\\/\\\/info.fcf.usp.br\\\/?p=13760#breadcrumblist\",\"itemListElement\":[{\"@type\":\"ListItem\",\"@id\":\"https:\\\/\\\/info.fcf.usp.br#listItem\",\"position\":1,\"name\":\"Home\",\"item\":\"https:\\\/\\\/info.fcf.usp.br\",\"nextItem\":{\"@type\":\"ListItem\",\"@id\":\"https:\\\/\\\/info.fcf.usp.br\\\/?cat=8#listItem\",\"name\":\"Elei\\u00e7\\u00f5es\"}},{\"@type\":\"ListItem\",\"@id\":\"https:\\\/\\\/info.fcf.usp.br\\\/?cat=8#listItem\",\"position\":2,\"name\":\"Elei\\u00e7\\u00f5es\",\"item\":\"https:\\\/\\\/info.fcf.usp.br\\\/?cat=8\",\"nextItem\":{\"@type\":\"ListItem\",\"@id\":\"https:\\\/\\\/info.fcf.usp.br\\\/?p=13760#listItem\",\"name\":\"Resultado da elei\\u00e7\\u00e3o \\u2013 Representa\\u00e7\\u00e3o dos Servidores T\\u00e9cnico-Administrativos junto \\u00e0 Congrega\\u00e7\\u00e3o\"},\"previousItem\":{\"@type\":\"ListItem\",\"@id\":\"https:\\\/\\\/info.fcf.usp.br#listItem\",\"name\":\"Home\"}},{\"@type\":\"ListItem\",\"@id\":\"https:\\\/\\\/info.fcf.usp.br\\\/?p=13760#listItem\",\"position\":3,\"name\":\"Resultado da elei\\u00e7\\u00e3o \\u2013 Representa\\u00e7\\u00e3o dos Servidores T\\u00e9cnico-Administrativos junto \\u00e0 Congrega\\u00e7\\u00e3o\",\"previousItem\":{\"@type\":\"ListItem\",\"@id\":\"https:\\\/\\\/info.fcf.usp.br\\\/?cat=8#listItem\",\"name\":\"Elei\\u00e7\\u00f5es\"}}]},{\"@type\":\"Organization\",\"@id\":\"https:\\\/\\\/info.fcf.usp.br\\\/#organization\",\"name\":\"FACULDADE DE CI\\u00caNCIAS FARMAC\\u00caUTICAS - USP\",\"description\":\"FACULDADE DE CI\\u00caNCIAS FARMAC\\u00caUTICAS - USP, Gradua\\u00e7\\u00e3o, p\\u00f3s Gradua\\u00e7\\u00e3o, FCF\",\"url\":\"https:\\\/\\\/info.fcf.usp.br\\\/\"},{\"@type\":\"Person\",\"@id\":\"https:\\\/\\\/info.fcf.usp.br\\\/?author=24#author\",\"url\":\"https:\\\/\\\/info.fcf.usp.br\\\/?author=24\",\"name\":\"Eudes Colodino\",\"image\":{\"@type\":\"ImageObject\",\"@id\":\"https:\\\/\\\/info.fcf.usp.br\\\/?p=13760#authorImage\",\"url\":\"https:\\\/\\\/secure.gravatar.com\\\/avatar\\\/1ffabeb43c10bc03f142c71e404376c3ad83f1b17041ba9d0df731636cc8a0a0?s=96&d=mm&r=g\",\"width\":96,\"height\":96,\"caption\":\"Eudes Colodino\"}},{\"@type\":\"WebPage\",\"@id\":\"https:\\\/\\\/info.fcf.usp.br\\\/?p=13760#webpage\",\"url\":\"https:\\\/\\\/info.fcf.usp.br\\\/?p=13760\",\"name\":\"Resultado da elei\\u00e7\\u00e3o \\u2013 Representa\\u00e7\\u00e3o dos Servidores T\\u00e9cnico-Administrativos junto \\u00e0 Congrega\\u00e7\\u00e3o - FACULDADE DE CI\\u00caNCIAS FARMAC\\u00caUTICAS - USP\",\"description\":\"Prezados(as) Senhores(as), A pedido da Maria Claudia Perna - Chefe da Divis\\u00e3o Acad\\u00eamica informamos o resultado da elei\\u00e7\\u00e3o para escolha da representa\\u00e7\\u00e3o dos servidores t\\u00e9cnico-administrativos junto \\u00e0 Congrega\\u00e7\\u00e3o da Faculdade de Ci\\u00eancias Farmac\\u00eauticas da Universidade de S\\u00e3o Paulo, realizada em 25 de agosto de 2026, nos termos da Portaria FCF n\\u00ba 1130, de 29 de junho\",\"inLanguage\":\"pt-BR\",\"isPartOf\":{\"@id\":\"https:\\\/\\\/info.fcf.usp.br\\\/#website\"},\"breadcrumb\":{\"@id\":\"https:\\\/\\\/info.fcf.usp.br\\\/?p=13760#breadcrumblist\"},\"author\":{\"@id\":\"https:\\\/\\\/info.fcf.usp.br\\\/?author=24#author\"},\"creator\":{\"@id\":\"https:\\\/\\\/info.fcf.usp.br\\\/?author=24#author\"},\"datePublished\":\"2026-08-26T17:48:57-03:00\",\"dateModified\":\"2026-08-26T17:50:29-03:00\"},{\"@type\":\"WebSite\",\"@id\":\"https:\\\/\\\/info.fcf.usp.br\\\/#website\",\"url\":\"https:\\\/\\\/info.fcf.usp.br\\\/\",\"name\":\"FACULDADE DE CI\\u00caNCIAS FARMAC\\u00caUTICAS - USP\",\"description\":\"FACULDADE DE CI\\u00caNCIAS FARMAC\\u00caUTICAS - USP, Gradua\\u00e7\\u00e3o, p\\u00f3s Gradua\\u00e7\\u00e3o, FCF\",\"inLanguage\":\"pt-BR\",\"publisher\":{\"@id\":\"https:\\\/\\\/info.fcf.usp.br\\\/#organization\"}}]}\n\t\t<\/script>\n\t\t<!-- All in One SEO -->\n\n","aioseo_head_json":{"title":"Resultado da elei\u00e7\u00e3o \u2013 Representa\u00e7\u00e3o dos Servidores T\u00e9cnico-Administrativos junto \u00e0 Congrega\u00e7\u00e3o - FACULDADE DE CI\u00caNCIAS FARMAC\u00caUTICAS - USP","description":"Prezados(as) Senhores(as), A pedido da Maria Claudia Perna - Chefe da Divis\u00e3o Acad\u00eamica informamos o resultado da elei\u00e7\u00e3o para escolha da representa\u00e7\u00e3o dos servidores t\u00e9cnico-administrativos junto \u00e0 Congrega\u00e7\u00e3o da Faculdade de Ci\u00eancias Farmac\u00eauticas da Universidade de S\u00e3o Paulo, realizada em 25 de agosto de 2026, nos termos da Portaria FCF n\u00ba 1130, de 29 de junho","canonical_url":"https:\/\/info.fcf.usp.br\/?p=13760","robots":"max-image-preview:large","keywords":"","webmasterTools":{"miscellaneous":""},"schema":{"@context":"https:\/\/schema.org","@graph":[{"@type":"BlogPosting","@id":"https:\/\/info.fcf.usp.br\/?p=13760#blogposting","name":"Resultado da elei\u00e7\u00e3o \u2013 Representa\u00e7\u00e3o dos Servidores T\u00e9cnico-Administrativos junto \u00e0 Congrega\u00e7\u00e3o - FACULDADE DE CI\u00caNCIAS FARMAC\u00caUTICAS - USP","headline":"Resultado da elei\u00e7\u00e3o \u2013 Representa\u00e7\u00e3o dos Servidores T\u00e9cnico-Administrativos junto \u00e0 Congrega\u00e7\u00e3o","author":{"@id":"https:\/\/info.fcf.usp.br\/?author=24#author"},"publisher":{"@id":"https:\/\/info.fcf.usp.br\/#organization"},"datePublished":"2026-08-26T17:48:57-03:00","dateModified":"2026-08-26T17:50:29-03:00","inLanguage":"pt-BR","mainEntityOfPage":{"@id":"https:\/\/info.fcf.usp.br\/?p=13760#webpage"},"isPartOf":{"@id":"https:\/\/info.fcf.usp.br\/?p=13760#webpage"},"articleSection":"Elei\u00e7\u00f5es, Institucional"},{"@type":"BreadcrumbList","@id":"https:\/\/info.fcf.usp.br\/?p=13760#breadcrumblist","itemListElement":[{"@type":"ListItem","@id":"https:\/\/info.fcf.usp.br#listItem","position":1,"name":"Home","item":"https:\/\/info.fcf.usp.br","nextItem":{"@type":"ListItem","@id":"https:\/\/info.fcf.usp.br\/?cat=8#listItem","name":"Elei\u00e7\u00f5es"}},{"@type":"ListItem","@id":"https:\/\/info.fcf.usp.br\/?cat=8#listItem","position":2,"name":"Elei\u00e7\u00f5es","item":"https:\/\/info.fcf.usp.br\/?cat=8","nextItem":{"@type":"ListItem","@id":"https:\/\/info.fcf.usp.br\/?p=13760#listItem","name":"Resultado da elei\u00e7\u00e3o \u2013 Representa\u00e7\u00e3o dos Servidores T\u00e9cnico-Administrativos junto \u00e0 Congrega\u00e7\u00e3o"},"previousItem":{"@type":"ListItem","@id":"https:\/\/info.fcf.usp.br#listItem","name":"Home"}},{"@type":"ListItem","@id":"https:\/\/info.fcf.usp.br\/?p=13760#listItem","position":3,"name":"Resultado da elei\u00e7\u00e3o \u2013 Representa\u00e7\u00e3o dos Servidores T\u00e9cnico-Administrativos junto \u00e0 Congrega\u00e7\u00e3o","previousItem":{"@type":"ListItem","@id":"https:\/\/info.fcf.usp.br\/?cat=8#listItem","name":"Elei\u00e7\u00f5es"}}]},{"@type":"Organization","@id":"https:\/\/info.fcf.usp.br\/#organization","name":"FACULDADE DE CI\u00caNCIAS FARMAC\u00caUTICAS - USP","description":"FACULDADE DE CI\u00caNCIAS FARMAC\u00caUTICAS - USP, Gradua\u00e7\u00e3o, p\u00f3s Gradua\u00e7\u00e3o, FCF","url":"https:\/\/info.fcf.usp.br\/"},{"@type":"Person","@id":"https:\/\/info.fcf.usp.br\/?author=24#author","url":"https:\/\/info.fcf.usp.br\/?author=24","name":"Eudes Colodino","image":{"@type":"ImageObject","@id":"https:\/\/info.fcf.usp.br\/?p=13760#authorImage","url":"https:\/\/secure.gravatar.com\/avatar\/1ffabeb43c10bc03f142c71e404376c3ad83f1b17041ba9d0df731636cc8a0a0?s=96&d=mm&r=g","width":96,"height":96,"caption":"Eudes Colodino"}},{"@type":"WebPage","@id":"https:\/\/info.fcf.usp.br\/?p=13760#webpage","url":"https:\/\/info.fcf.usp.br\/?p=13760","name":"Resultado da elei\u00e7\u00e3o \u2013 Representa\u00e7\u00e3o dos Servidores T\u00e9cnico-Administrativos junto \u00e0 Congrega\u00e7\u00e3o - FACULDADE DE CI\u00caNCIAS FARMAC\u00caUTICAS - USP","description":"Prezados(as) Senhores(as), A pedido da Maria Claudia Perna - Chefe da Divis\u00e3o Acad\u00eamica informamos o resultado da elei\u00e7\u00e3o para escolha da representa\u00e7\u00e3o dos servidores t\u00e9cnico-administrativos junto \u00e0 Congrega\u00e7\u00e3o da Faculdade de Ci\u00eancias Farmac\u00eauticas da Universidade de S\u00e3o Paulo, realizada em 25 de agosto de 2026, nos termos da Portaria FCF n\u00ba 1130, de 29 de junho","inLanguage":"pt-BR","isPartOf":{"@id":"https:\/\/info.fcf.usp.br\/#website"},"breadcrumb":{"@id":"https:\/\/info.fcf.usp.br\/?p=13760#breadcrumblist"},"author":{"@id":"https:\/\/info.fcf.usp.br\/?author=24#author"},"creator":{"@id":"https:\/\/info.fcf.usp.br\/?author=24#author"},"datePublished":"2026-08-26T17:48:57-03:00","dateModified":"2026-08-26T17:50:29-03:00"},{"@type":"WebSite","@id":"https:\/\/info.fcf.usp.br\/#website","url":"https:\/\/info.fcf.usp.br\/","name":"FACULDADE DE CI\u00caNCIAS FARMAC\u00caUTICAS - USP","description":"FACULDADE DE CI\u00caNCIAS FARMAC\u00caUTICAS - USP, Gradua\u00e7\u00e3o, p\u00f3s Gradua\u00e7\u00e3o, FCF","inLanguage":"pt-BR","publisher":{"@id":"https:\/\/info.fcf.usp.br\/#organization"}}]},"og:locale":"pt_BR","og:site_name":"FACULDADE DE CI\u00caNCIAS FARMAC\u00caUTICAS - USP - FACULDADE DE CI\u00caNCIAS FARMAC\u00caUTICAS - USP, Gradua\u00e7\u00e3o, p\u00f3s Gradua\u00e7\u00e3o, FCF","og:type":"article","og:title":"Resultado da elei\u00e7\u00e3o \u2013 Representa\u00e7\u00e3o dos Servidores T\u00e9cnico-Administrativos junto \u00e0 Congrega\u00e7\u00e3o - FACULDADE DE CI\u00caNCIAS FARMAC\u00caUTICAS - USP","og:description":"Prezados(as) Senhores(as), A pedido da Maria Claudia Perna - Chefe da Divis\u00e3o Acad\u00eamica informamos o resultado da elei\u00e7\u00e3o para escolha da representa\u00e7\u00e3o dos servidores t\u00e9cnico-administrativos junto \u00e0 Congrega\u00e7\u00e3o da Faculdade de Ci\u00eancias Farmac\u00eauticas da Universidade de S\u00e3o Paulo, realizada em 25 de agosto de 2026, nos termos da Portaria FCF n\u00ba 1130, de 29 de junho","og:url":"https:\/\/info.fcf.usp.br\/?p=13760","article:published_time":"2026-08-26T20:48:57+00:00","article:modified_time":"2026-08-26T20:50:29+00:00","twitter:card":"summary_large_image","twitter:title":"Resultado da elei\u00e7\u00e3o \u2013 Representa\u00e7\u00e3o dos Servidores T\u00e9cnico-Administrativos junto \u00e0 Congrega\u00e7\u00e3o - FACULDADE DE CI\u00caNCIAS FARMAC\u00caUTICAS - USP","twitter:description":"Prezados(as) Senhores(as), A pedido da Maria Claudia Perna - Chefe da Divis\u00e3o Acad\u00eamica informamos o resultado da elei\u00e7\u00e3o para escolha da representa\u00e7\u00e3o dos servidores t\u00e9cnico-administrativos junto \u00e0 Congrega\u00e7\u00e3o da Faculdade de Ci\u00eancias Farmac\u00eauticas da Universidade de S\u00e3o Paulo, realizada em 25 de agosto de 2026, nos termos da Portaria FCF n\u00ba 1130, de 29 de junho"},"aioseo_meta_data":{"post_id":"13760","title":null,"description":null,"keywords":null,"keyphrases":{"focus":{"keyphrase":"","score":0,"analysis":{"keyphraseInTitle":{"score":0,"maxScore":9,"error":1}}},"additional":[]},"primary_term":null,"canonical_url":null,"og_title":null,"og_description":null,"og_object_type":"default","og_image_type":"default","og_image_url":null,"og_image_width":null,"og_image_height":null,"og_image_custom_url":null,"og_image_custom_fields":null,"og_video":"","og_custom_url":null,"og_article_section":null,"og_article_tags":null,"twitter_use_og":false,"twitter_card":"default","twitter_image_type":"default","twitter_image_url":null,"twitter_image_custom_url":null,"twitter_image_custom_fields":null,"twitter_title":null,"twitter_description":null,"schema":{"blockGraphs":[],"customGraphs":[],"default":{"data":{"Article":[],"Course":[],"Dataset":[],"FAQPage":[],"Movie":[],"Person":[],"Product":[],"ProductReview":[],"Car":[],"Recipe":[],"Service":[],"SoftwareApplication":[],"WebPage":[]},"graphName":"BlogPosting","isEnabled":true},"graphs":[]},"schema_type":"default","schema_type_options":null,"pillar_content":false,"robots_default":true,"robots_noindex":false,"robots_noarchive":false,"robots_nosnippet":false,"robots_nofollow":false,"robots_noimageindex":false,"robots_noodp":false,"robots_notranslate":false,"robots_max_snippet":"-1","robots_max_videopreview":"-1","robots_max_imagepreview":"large","priority":null,"frequency":"default","local_seo":null,"breadcrumb_settings":null,"limit_modified_date":false,"ai":{"faqs":[],"keyPoints":[],"schemas":[],"titles":[],"descriptions":[],"socialPosts":{"email":{"subject":"","preview":"","content":""},"linkedin":[],"twitter":[],"facebook":[],"instagram":[]}},"created":"2026-08-26 20:48:59","updated":"2026-08-26 21:48:54","seo_analyzer_scan_date":null,"focus_keyword":null,"additional_keywords":null,"truseo_locale":null},"aioseo_breadcrumb":"<div class=\"aioseo-breadcrumbs\"><span class=\"aioseo-breadcrumb\">\n\t\t\t<a href=\"https:\/\/info.fcf.usp.br\" title=\"Home\">Home<\/a>\n\t\t<\/span><span class=\"aioseo-breadcrumb-separator\">&raquo;<\/span><span class=\"aioseo-breadcrumb\">\n\t\t\t<a href=\"https:\/\/info.fcf.usp.br\/?cat=8\" title=\"Elei\u00e7\u00f5es\">Elei\u00e7\u00f5es<\/a>\n\t\t<\/span><span class=\"aioseo-breadcrumb-separator\">&raquo;<\/span><span class=\"aioseo-breadcrumb\">\n\t\t\tResultado da elei\u00e7\u00e3o \u2013 Representa\u00e7\u00e3o dos Servidores T\u00e9cnico-Administrativos junto \u00e0 Congrega\u00e7\u00e3o\n\t\t<\/span><\/div>","aioseo_breadcrumb_json":[{"label":"Home","link":"https:\/\/info.fcf.usp.br"},{"label":"Elei\u00e7\u00f5es","link":"https:\/\/info.fcf.usp.br\/?cat=8"},{"label":"Resultado da elei\u00e7\u00e3o \u2013 Representa\u00e7\u00e3o dos Servidores T\u00e9cnico-Administrativos junto \u00e0 Congrega\u00e7\u00e3o","link":"https:\/\/info.fcf.usp.br\/?p=13760"}],"_links":{"self":[{"href":"https:\/\/info.fcf.usp.br\/index.php?rest_route=\/wp\/v2\/posts\/13760","targetHints":{"allow":["GET"]}}],"collection":[{"href":"https:\/\/info.fcf.usp.br\/index.php?rest_route=\/wp\/v2\/posts"}],"about":[{"href":"https:\/\/info.fcf.usp.br\/index.php?rest_route=\/wp\/v2\/types\/post"}],"author":[{"embeddable":true,"href":"https:\/\/info.fcf.usp.br\/index.php?rest_route=\/wp\/v2\/users\/24"}],"replies":[{"embeddable":true,"href":"https:\/\/info.fcf.usp.br\/index.php?rest_route=%2Fwp%2Fv2%2Fcomments&post=13760"}],"version-history":[{"count":2,"href":"https:\/\/info.fcf.usp.br\/index.php?rest_route=\/wp\/v2\/posts\/13760\/revisions"}],"predecessor-version":[{"id":13764,"href":"https:\/\/info.fcf.usp.br\/index.php?rest_route=\/wp\/v2\/posts\/13760\/revisions\/13764"}],"wp:attachment":[{"href":"https:\/\/info.fcf.usp.br\/index.php?rest_route=%2Fwp%2Fv2%2Fmedia&parent=13760"}],"wp:term":[{"taxonomy":"category","embeddable":true,"href":"https:\/\/info.fcf.usp.br\/index.php?rest_route=%2Fwp%2Fv2%2Fcategories&post=13760"},{"taxonomy":"post_tag","embeddable":true,"href":"https:\/\/info.fcf.usp.br\/index.php?rest_route=%2Fwp%2Fv2%2Ftags&post=13760"}],"curies":[{"name":"wp","href":"https:\/\/api.w.org\/{rel}","templated":true}]}}